{"id":9351,"date":"2025-03-18T07:46:14","date_gmt":"2025-03-18T06:46:14","guid":{"rendered":"https:\/\/bigycb.cz\/bigy\/?p=9351"},"modified":"2025-09-18T10:50:45","modified_gmt":"2025-09-18T08:50:45","slug":"workshop-v-terezine-historie-ktera-nesmi-byt-zapomenuta","status":"publish","type":"post","link":"https:\/\/bigycb.cz\/bigy\/workshop-v-terezine-historie-ktera-nesmi-byt-zapomenuta\/","title":{"rendered":"Workshop v Terez\u00edn\u011b: Historie, kter\u00e1 nesm\u00ed b\u00fdt zapomenuta"},"content":{"rendered":"<h1>Workshop\u00a0 v Terez\u00edn\u011b: Historie, kter\u00e1 nesm\u00ed b\u00fdt zapomenuta<\/h1>\n<p>Dne 6. b\u0159ezna 2025 jsme se my, t\u0159\u00edda 4.A, vydali na exkurzi do ghetta Terez\u00edn.<\/p>\n<p>Nejd\u0159\u00edve jsme absolvovali dvouhodinovou prohl\u00eddku \u017eidovsk\u00e9ho ghetta, v\u010detn\u011b n\u00e1v\u0161t\u011bvy muzea. Prohl\u00e9dli jsme si kas\u00e1rny, rekonstrukci tehdej\u0161\u00edho ubytov\u00e1n\u00ed, malou modlitebnu a obr\u00e1zky d\u011bt\u00ed, kter\u00e9 byly v ghettu v\u011bzn\u011bny.<\/p>\n<p>Odpoledne jsme se z\u00fa\u010dastnili 90minutov\u00e9ho workshopu, b\u011bhem n\u011bho\u017e n\u00e1m byl p\u0159ibl\u00ed\u017een p\u0159\u00edpad roudnick\u00fdch student\u016f a tehdej\u0161\u00ed politick\u00fd syst\u00e9m.<\/p>\n<p>Nakonec jsme se p\u0159esunuli do Mal\u00e9 pevnosti, kde n\u00e1s nad\u0161en\u00fd pr\u016fvodce provedl nacistickou v\u011bznic\u00ed. Nahl\u00e9dli jsme do cely Gavrila Principa a pro\u0161li podzemn\u00edmi chodbami, kter\u00e9 se vinou pod cel\u00fdm komplexem.<\/p>\n<p>D\u011bkujeme pan\u00edm u\u010ditelk\u00e1m \u0160m\u00eddov\u00e9 a Kadlecov\u00e9 za skv\u011ble zorganizovan\u00fd v\u00fdlet a t\u011b\u0161\u00edme se na dal\u0161\u00ed z\u00e1\u017eitky s V\u00e1mi!<\/p>\n<p>Krist\u00fdna Klewarov\u00e1, Barbora Bos\u00e1kov\u00e1, Johanka \u0160v\u00e1chov\u00e1<\/p>\n<p><em>Financov\u00e1no z grantov\u00e9ho programu <b>\u00a0\u201ePodpora pam\u011b\u0165ov\u00fdch agend\u201c<\/b><\/em><\/p>\n<hr \/>\n\n\t\t<style type=\"text\/css\">\n\t\t\t#gallery-1 {\n\t\t\t\tmargin: auto;\n\t\t\t}\n\t\t\t#gallery-1 .gallery-item {\n\t\t\t\tfloat: left;\n\t\t\t\tmargin-top: 10px;\n\t\t\t\ttext-align: center;\n\t\t\t\twidth: 33%;\n\t\t\t}\n\t\t\t#gallery-1 img {\n\t\t\t\tborder: 2px solid #cfcfcf;\n\t\t\t}\n\t\t\t#gallery-1 .gallery-caption {\n\t\t\t\tmargin-left: 0;\n\t\t\t}\n\t\t\t\/* see gallery_shortcode() in wp-includes\/media.php *\/\n\t\t<\/style>\n\t\t<div id='gallery-1' class='gallery galleryid-9351 gallery-columns-3 gallery-size-thumbnail'><dl class='gallery-item'>\n\t\t\t<dt class='gallery-icon landscape'>\n\t\t\t\t<a href='https:\/\/bigycb.cz\/bigy\/wp-content\/uploads\/IMG_2192.jpeg' rel=\"lightbox[9351]\"><img loading=\"lazy\" decoding=\"async\" width=\"150\" height=\"150\" src=\"https:\/\/bigycb.cz\/bigy\/wp-content\/uploads\/IMG_2192-150x150.jpeg\" class=\"attachment-thumbnail size-thumbnail\" alt=\"\" \/><\/a>\n\t\t\t<\/dt><\/dl><dl class='gallery-item'>\n\t\t\t<dt class='gallery-icon landscape'>\n\t\t\t\t<a href='https:\/\/bigycb.cz\/bigy\/wp-content\/uploads\/IMG_2218.jpeg' rel=\"lightbox[9351]\"><img loading=\"lazy\" decoding=\"async\" width=\"150\" height=\"150\" src=\"https:\/\/bigycb.cz\/bigy\/wp-content\/uploads\/IMG_2218-150x150.jpeg\" class=\"attachment-thumbnail size-thumbnail\" alt=\"\" \/><\/a>\n\t\t\t<\/dt><\/dl><dl class='gallery-item'>\n\t\t\t<dt class='gallery-icon landscape'>\n\t\t\t\t<a href='https:\/\/bigycb.cz\/bigy\/wp-content\/uploads\/IMG_2206.jpeg' rel=\"lightbox[9351]\"><img loading=\"lazy\" decoding=\"async\" width=\"150\" height=\"150\" src=\"https:\/\/bigycb.cz\/bigy\/wp-content\/uploads\/IMG_2206-150x150.jpeg\" class=\"attachment-thumbnail size-thumbnail\" alt=\"\" \/><\/a>\n\t\t\t<\/dt><\/dl><br style=\"clear: both\" \/><dl class='gallery-item'>\n\t\t\t<dt class='gallery-icon landscape'>\n\t\t\t\t<a href='https:\/\/bigycb.cz\/bigy\/wp-content\/uploads\/IMG_2217.jpeg' rel=\"lightbox[9351]\"><img loading=\"lazy\" decoding=\"async\" width=\"150\" height=\"150\" src=\"https:\/\/bigycb.cz\/bigy\/wp-content\/uploads\/IMG_2217-150x150.jpeg\" class=\"attachment-thumbnail size-thumbnail\" alt=\"\" \/><\/a>\n\t\t\t<\/dt><\/dl><dl class='gallery-item'>\n\t\t\t<dt class='gallery-icon landscape'>\n\t\t\t\t<a href='https:\/\/bigycb.cz\/bigy\/wp-content\/uploads\/IMG_2197.jpeg' rel=\"lightbox[9351]\"><img loading=\"lazy\" decoding=\"async\" width=\"150\" height=\"150\" src=\"https:\/\/bigycb.cz\/bigy\/wp-content\/uploads\/IMG_2197-150x150.jpeg\" class=\"attachment-thumbnail size-thumbnail\" alt=\"\" \/><\/a>\n\t\t\t<\/dt><\/dl><dl class='gallery-item'>\n\t\t\t<dt class='gallery-icon landscape'>\n\t\t\t\t<a href='https:\/\/bigycb.cz\/bigy\/wp-content\/uploads\/IMG_2199.jpeg' rel=\"lightbox[9351]\"><img loading=\"lazy\" decoding=\"async\" width=\"150\" height=\"150\" src=\"https:\/\/bigycb.cz\/bigy\/wp-content\/uploads\/IMG_2199-150x150.jpeg\" class=\"attachment-thumbnail size-thumbnail\" alt=\"\" \/><\/a>\n\t\t\t<\/dt><\/dl><br style=\"clear: both\" \/><dl class='gallery-item'>\n\t\t\t<dt class='gallery-icon landscape'>\n\t\t\t\t<a href='https:\/\/bigycb.cz\/bigy\/wp-content\/uploads\/IMG_2191.jpeg' rel=\"lightbox[9351]\"><img loading=\"lazy\" decoding=\"async\" width=\"150\" height=\"150\" src=\"https:\/\/bigycb.cz\/bigy\/wp-content\/uploads\/IMG_2191-150x150.jpeg\" class=\"attachment-thumbnail size-thumbnail\" alt=\"\" \/><\/a>\n\t\t\t<\/dt><\/dl>\n\t\t\t<br style='clear: both' \/>\n\t\t<\/div>\n\n","protected":false},"excerpt":{"rendered":"<p>Workshop\u00a0 v Terez\u00edn\u011b: Historie, kter\u00e1 nesm\u00ed b\u00fdt zapomenuta Dne 6. b\u0159ezna 2025 jsme se my, t\u0159\u00edda 4.A, vydali na exkurzi&nbsp;<a href=\"https:\/\/bigycb.cz\/bigy\/workshop-v-terezine-historie-ktera-nesmi-byt-zapomenuta\/\">&hellip;<\/a><\/p>\n","protected":false},"author":6,"featured_media":9359,"comment_status":"closed","ping_status":"closed","sticky":false,"template":"","format":"standard","meta":{"footnotes":""},"categories":[30],"tags":[42],"class_list":["post-9351","post","type-post","status-publish","format-standard","has-post-thumbnail","hentry","category-aktuality","tag-dejepis","odd"],"_links":{"self":[{"href":"https:\/\/bigycb.cz\/bigy\/wp-json\/wp\/v2\/posts\/9351","targetHints":{"allow":["GET"]}}],"collection":[{"href":"https:\/\/bigycb.cz\/bigy\/wp-json\/wp\/v2\/posts"}],"about":[{"href":"https:\/\/bigycb.cz\/bigy\/wp-json\/wp\/v2\/types\/post"}],"author":[{"embeddable":true,"href":"https:\/\/bigycb.cz\/bigy\/wp-json\/wp\/v2\/users\/6"}],"replies":[{"embeddable":true,"href":"https:\/\/bigycb.cz\/bigy\/wp-json\/wp\/v2\/comments?post=9351"}],"version-history":[{"count":5,"href":"https:\/\/bigycb.cz\/bigy\/wp-json\/wp\/v2\/posts\/9351\/revisions"}],"predecessor-version":[{"id":10231,"href":"https:\/\/bigycb.cz\/bigy\/wp-json\/wp\/v2\/posts\/9351\/revisions\/10231"}],"wp:featuredmedia":[{"embeddable":true,"href":"https:\/\/bigycb.cz\/bigy\/wp-json\/wp\/v2\/media\/9359"}],"wp:attachment":[{"href":"https:\/\/bigycb.cz\/bigy\/wp-json\/wp\/v2\/media?parent=9351"}],"wp:term":[{"taxonomy":"category","embeddable":true,"href":"https:\/\/bigycb.cz\/bigy\/wp-json\/wp\/v2\/categories?post=9351"},{"taxonomy":"post_tag","embeddable":true,"href":"https:\/\/bigycb.cz\/bigy\/wp-json\/wp\/v2\/tags?post=9351"}],"curies":[{"name":"wp","href":"https:\/\/api.w.org\/{rel}","templated":true}]}}