{"id":8800,"date":"2024-12-13T11:48:32","date_gmt":"2024-12-13T10:48:32","guid":{"rendered":"https:\/\/bigycb.cz\/bigy\/?p=8800"},"modified":"2024-12-16T10:29:09","modified_gmt":"2024-12-16T09:29:09","slug":"nase-mesto-v-minulosti","status":"publish","type":"post","link":"https:\/\/bigycb.cz\/bigy\/nase-mesto-v-minulosti\/","title":{"rendered":"Na\u0161e m\u011bsto v minulosti"},"content":{"rendered":"<h1>Na\u0161e m\u011bsto v minulosti<\/h1>\n<p>27. listopadu jsme se s p\u0159edmaturitn\u00edm d\u011bjepisn\u00fdm semin\u00e1\u0159em vydali na prohl\u00eddku centra \u010cesk\u00fdch Bud\u011bjovic. Od katedr\u00e1ly svat\u00e9ho Mikul\u00e1\u0161e, p\u0159es n\u00e1m\u011bst\u00ed, bo\u010dn\u00edmi uli\u010dkami a\u017e do kl\u00e1\u0161tera na Piaristick\u00e9m n\u00e1m\u011bst\u00ed. Dozv\u011bd\u011bli jsme se spoustu zaj\u00edmavost\u00ed o gotick\u00e9 architektu\u0159e a minulosti na\u0161eho m\u011bsta. V kl\u00e1\u0161te\u0159e jsme objevili spoustu nov\u00e9ho a ne\u010dekan\u00e9ho. Byl to skv\u011bl\u00fd v\u00fdlet, p\u0159i kter\u00e9m jsme se nau\u010dili spoustu nov\u00fdch v\u011bc\u00ed a zakon\u010dili tak t\u00e9ma o historii a architektu\u0159e na\u0161eho m\u011bsta. D\u011bkujeme p.u\u010d.Hesounov\u00e9<br \/>\nNat\u00e1lie \u0160\u00e1lkov\u00e1 a Ema \u010cihovsk\u00e1<\/p>\n<hr \/>\n\n\t\t<style type=\"text\/css\">\n\t\t\t#gallery-1 {\n\t\t\t\tmargin: auto;\n\t\t\t}\n\t\t\t#gallery-1 .gallery-item {\n\t\t\t\tfloat: left;\n\t\t\t\tmargin-top: 10px;\n\t\t\t\ttext-align: center;\n\t\t\t\twidth: 50%;\n\t\t\t}\n\t\t\t#gallery-1 img {\n\t\t\t\tborder: 2px solid #cfcfcf;\n\t\t\t}\n\t\t\t#gallery-1 .gallery-caption {\n\t\t\t\tmargin-left: 0;\n\t\t\t}\n\t\t\t\/* see gallery_shortcode() in wp-includes\/media.php *\/\n\t\t<\/style>\n\t\t<div id='gallery-1' class='gallery galleryid-8800 gallery-columns-2 gallery-size-large'><dl class='gallery-item'>\n\t\t\t<dt class='gallery-icon portrait'>\n\t\t\t\t<a href='https:\/\/bigycb.cz\/bigy\/wp-content\/uploads\/PHOTO-2024-12-11-13-16-32.jpg' rel=\"lightbox[8800]\"><img loading=\"lazy\" decoding=\"async\" width=\"638\" height=\"850\" src=\"https:\/\/bigycb.cz\/bigy\/wp-content\/uploads\/PHOTO-2024-12-11-13-16-32-638x850.jpg\" class=\"attachment-large size-large\" alt=\"\" srcset=\"https:\/\/bigycb.cz\/bigy\/wp-content\/uploads\/PHOTO-2024-12-11-13-16-32.jpg 638w, https:\/\/bigycb.cz\/bigy\/wp-content\/uploads\/PHOTO-2024-12-11-13-16-32-225x300.jpg 225w\" sizes=\"auto, (max-width: 638px) 100vw, 638px\" \/><\/a>\n\t\t\t<\/dt><\/dl><dl class='gallery-item'>\n\t\t\t<dt class='gallery-icon portrait'>\n\t\t\t\t<a href='https:\/\/bigycb.cz\/bigy\/wp-content\/uploads\/PHOTO-2024-12-11-13-16-31.jpg' rel=\"lightbox[8800]\"><img loading=\"lazy\" decoding=\"async\" width=\"638\" height=\"850\" src=\"https:\/\/bigycb.cz\/bigy\/wp-content\/uploads\/PHOTO-2024-12-11-13-16-31-638x850.jpg\" class=\"attachment-large size-large\" alt=\"\" srcset=\"https:\/\/bigycb.cz\/bigy\/wp-content\/uploads\/PHOTO-2024-12-11-13-16-31.jpg 638w, https:\/\/bigycb.cz\/bigy\/wp-content\/uploads\/PHOTO-2024-12-11-13-16-31-225x300.jpg 225w\" sizes=\"auto, (max-width: 638px) 100vw, 638px\" \/><\/a>\n\t\t\t<\/dt><\/dl><br style=\"clear: both\" \/>\n\t\t<\/div>\n\n","protected":false},"excerpt":{"rendered":"<p>Na\u0161e m\u011bsto v minulosti 27. listopadu jsme se s p\u0159edmaturitn\u00edm d\u011bjepisn\u00fdm semin\u00e1\u0159em vydali na prohl\u00eddku centra \u010cesk\u00fdch Bud\u011bjovic. Od katedr\u00e1ly&nbsp;<a href=\"https:\/\/bigycb.cz\/bigy\/nase-mesto-v-minulosti\/\">&hellip;<\/a><\/p>\n","protected":false},"author":6,"featured_media":8811,"comment_status":"closed","ping_status":"closed","sticky":false,"template":"","format":"standard","meta":{"footnotes":""},"categories":[30],"tags":[42],"class_list":["post-8800","post","type-post","status-publish","format-standard","has-post-thumbnail","hentry","category-aktuality","tag-dejepis","odd"],"_links":{"self":[{"href":"https:\/\/bigycb.cz\/bigy\/wp-json\/wp\/v2\/posts\/8800","targetHints":{"allow":["GET"]}}],"collection":[{"href":"https:\/\/bigycb.cz\/bigy\/wp-json\/wp\/v2\/posts"}],"about":[{"href":"https:\/\/bigycb.cz\/bigy\/wp-json\/wp\/v2\/types\/post"}],"author":[{"embeddable":true,"href":"https:\/\/bigycb.cz\/bigy\/wp-json\/wp\/v2\/users\/6"}],"replies":[{"embeddable":true,"href":"https:\/\/bigycb.cz\/bigy\/wp-json\/wp\/v2\/comments?post=8800"}],"version-history":[{"count":3,"href":"https:\/\/bigycb.cz\/bigy\/wp-json\/wp\/v2\/posts\/8800\/revisions"}],"predecessor-version":[{"id":8813,"href":"https:\/\/bigycb.cz\/bigy\/wp-json\/wp\/v2\/posts\/8800\/revisions\/8813"}],"wp:featuredmedia":[{"embeddable":true,"href":"https:\/\/bigycb.cz\/bigy\/wp-json\/wp\/v2\/media\/8811"}],"wp:attachment":[{"href":"https:\/\/bigycb.cz\/bigy\/wp-json\/wp\/v2\/media?parent=8800"}],"wp:term":[{"taxonomy":"category","embeddable":true,"href":"https:\/\/bigycb.cz\/bigy\/wp-json\/wp\/v2\/categories?post=8800"},{"taxonomy":"post_tag","embeddable":true,"href":"https:\/\/bigycb.cz\/bigy\/wp-json\/wp\/v2\/tags?post=8800"}],"curies":[{"name":"wp","href":"https:\/\/api.w.org\/{rel}","templated":true}]}}