{"id":7819,"date":"2024-06-18T17:25:06","date_gmt":"2024-06-18T15:25:06","guid":{"rendered":"https:\/\/bigycb.cz\/bigy\/?p=7819"},"modified":"2024-06-18T17:25:36","modified_gmt":"2024-06-18T15:25:36","slug":"dejepisna-exkurze-v-praze-a-okoli","status":"publish","type":"post","link":"https:\/\/bigycb.cz\/bigy\/dejepisna-exkurze-v-praze-a-okoli\/","title":{"rendered":"D\u011bjepisn\u00e1 exkurze v Praze a okol\u00ed\u00a0"},"content":{"rendered":"<h1>D\u011bjepisn\u00e1 exkurze v Praze a okol\u00ed<\/h1>\n<p>28. kv\u011btna r\u00e1no jsme se jako t\u0159\u00edda 4.F. vydali na d\u011bjepisnou exkurzi do Prahy. Ti l\u00edn\u011bj\u0161\u00ed z n\u00e1s, kte\u0159\u00ed preferuj\u00ed teplo domova, nad hotelem ArtHarmony, kter\u00fd n\u00e1s zanesl do \u010desk\u00fdch les\u016f, z\u016fstali doma a u\u017eili si m\u00edsto toho pou\u0165 na Lomec.<\/p>\n<p>Po p\u0159\u00edjezdu na ubytov\u00e1n\u00ed jsme se, a\u010d trochu zmokl\u00ed, dostali do krypty kostela Cyrila a Metod\u011bje. S komentovanou prohl\u00eddkou jsme m\u011bli mo\u017enost zjistit v\u00edc o Heydrichi\u00e1d\u011b a o sedmi para\u0161utistech, kte\u0159\u00ed se zde ukr\u00fdvali.<br \/>\nN\u00e1sledn\u00e1 prohl\u00eddka Pra\u017esk\u00e9ho hradu a chr\u00e1mu svat\u00e9ho V\u00edta nesm\u00ed na v\u00fdletu do Prahy chyb\u011bt. Ve\u010der jsme se \u0159\u00e1dn\u011b ustrojen\u00ed vydali do divadla Na Fidlova\u010dce, na komedii &#8220;Ho\u0159\u00ed m\u00e1 panenko&#8221; , kter\u00e9 slou\u017eilo jako dobr\u00e1 chv\u00edle k odpo\u010dinku po dni pln\u00e9m historie.<\/p>\n<p>Dal\u0161\u00ed den jsme se po v\u00fdborn\u00e9 sn\u00eddani ve form\u011b bufetu, na kter\u00e9 na\u0161e francouzsk\u00e9 studentky z Erasmu mohly zhodnotit kvalitu \u010desk\u00fdch pala\u010dinek a termixu, vlakem dopravili do b\u00fdval\u00e9ho \u017eidovsk\u00e9ho ghetta Terez\u00edn. S milou pr\u016fvodkyn\u00ed, od kter\u00e9 jsme se dozv\u011bd\u011bli o brut\u00e1ln\u00edch ud\u00e1lostech, jsme tak\u00e9 pro\u0161li pevnost Terez\u00edn. N\u00e1sledovala cesta autobusem zp\u011bt do Prahy, p\u0159i kter\u00e9 jsme mohli v\u0161echny nov\u00e9 informace vst\u0159ebat. Moc jsme si tak\u00e9 u\u017eili rozchod na V\u00e1clavsk\u00e9m n\u00e1m\u011bst\u00ed a jeho okol\u00ed.<\/p>\n<p>Po druh\u00e9 noci str\u00e1ven\u00e9 v magick\u00fdch prostorech hotelu jsme v\u0161ichni trp\u011bli zna\u010dn\u00fdm sp\u00e1nkov\u00fdm deficitem a projevilo se to i p\u0159i de\u0161tiv\u00e9m v\u00fdletu do prostor kr\u00e1sn\u00e9ho Karl\u0161tejna, kde jsme m\u011bli tu mo\u017enost absolvovat omezenou prohl\u00eddku kaple sv. K\u0159\u00ed\u017ee. Za odm\u011bnu jsme si koupili nejkvalitn\u011bj\u0161\u00ed stravu v restauraci Pod hradem s milou obsluhou, kde jsme pohromad\u011b ukon\u010dili vyda\u0159enou exkurzi.<\/p>\n<p>D\u011bkujeme pan\u00ed u\u010ditelce \u0160m\u00eddov\u00e9 za organici exkurze a pan\u00ed u\u010ditelce Farkov\u00e9 za navigaci po Praze.<\/p>\n<p>Barbora Musilov\u00e1, 4.F<\/p>\n<hr \/>\n\n\t\t<style type=\"text\/css\">\n\t\t\t#gallery-1 {\n\t\t\t\tmargin: auto;\n\t\t\t}\n\t\t\t#gallery-1 .gallery-item {\n\t\t\t\tfloat: left;\n\t\t\t\tmargin-top: 10px;\n\t\t\t\ttext-align: center;\n\t\t\t\twidth: 33%;\n\t\t\t}\n\t\t\t#gallery-1 img {\n\t\t\t\tborder: 2px solid #cfcfcf;\n\t\t\t}\n\t\t\t#gallery-1 .gallery-caption {\n\t\t\t\tmargin-left: 0;\n\t\t\t}\n\t\t\t\/* see gallery_shortcode() in wp-includes\/media.php *\/\n\t\t<\/style>\n\t\t<div id='gallery-1' class='gallery galleryid-7819 gallery-columns-3 gallery-size-thumbnail'><dl class='gallery-item'>\n\t\t\t<dt class='gallery-icon landscape'>\n\t\t\t\t<a href='https:\/\/bigycb.cz\/bigy\/wp-content\/uploads\/sm5.png' rel=\"lightbox[7819]\"><img loading=\"lazy\" decoding=\"async\" width=\"150\" height=\"150\" src=\"https:\/\/bigycb.cz\/bigy\/wp-content\/uploads\/sm5-150x150.png\" class=\"attachment-thumbnail size-thumbnail\" alt=\"\" \/><\/a>\n\t\t\t<\/dt><\/dl><dl class='gallery-item'>\n\t\t\t<dt class='gallery-icon landscape'>\n\t\t\t\t<a href='https:\/\/bigycb.cz\/bigy\/wp-content\/uploads\/sm1-1.png' rel=\"lightbox[7819]\"><img loading=\"lazy\" decoding=\"async\" width=\"150\" height=\"150\" src=\"https:\/\/bigycb.cz\/bigy\/wp-content\/uploads\/sm1-1-150x150.png\" class=\"attachment-thumbnail size-thumbnail\" alt=\"\" \/><\/a>\n\t\t\t<\/dt><\/dl><dl class='gallery-item'>\n\t\t\t<dt class='gallery-icon portrait'>\n\t\t\t\t<a href='https:\/\/bigycb.cz\/bigy\/wp-content\/uploads\/sm2-1.png' rel=\"lightbox[7819]\"><img loading=\"lazy\" decoding=\"async\" width=\"150\" height=\"150\" src=\"https:\/\/bigycb.cz\/bigy\/wp-content\/uploads\/sm2-1-150x150.png\" class=\"attachment-thumbnail size-thumbnail\" alt=\"\" \/><\/a>\n\t\t\t<\/dt><\/dl><br style=\"clear: both\" \/><dl class='gallery-item'>\n\t\t\t<dt class='gallery-icon landscape'>\n\t\t\t\t<a href='https:\/\/bigycb.cz\/bigy\/wp-content\/uploads\/sm3-1.png' rel=\"lightbox[7819]\"><img loading=\"lazy\" decoding=\"async\" width=\"150\" height=\"150\" src=\"https:\/\/bigycb.cz\/bigy\/wp-content\/uploads\/sm3-1-150x150.png\" class=\"attachment-thumbnail size-thumbnail\" alt=\"\" \/><\/a>\n\t\t\t<\/dt><\/dl><dl class='gallery-item'>\n\t\t\t<dt class='gallery-icon portrait'>\n\t\t\t\t<a href='https:\/\/bigycb.cz\/bigy\/wp-content\/uploads\/sm4.png' rel=\"lightbox[7819]\"><img loading=\"lazy\" decoding=\"async\" width=\"150\" height=\"150\" src=\"https:\/\/bigycb.cz\/bigy\/wp-content\/uploads\/sm4-150x150.png\" class=\"attachment-thumbnail size-thumbnail\" alt=\"\" \/><\/a>\n\t\t\t<\/dt><\/dl>\n\t\t\t<br style='clear: both' \/>\n\t\t<\/div>\n\n","protected":false},"excerpt":{"rendered":"<p>D\u011bjepisn\u00e1 exkurze v Praze a okol\u00ed 28. kv\u011btna r\u00e1no jsme se jako t\u0159\u00edda 4.F. vydali na d\u011bjepisnou exkurzi do Prahy.&nbsp;<a href=\"https:\/\/bigycb.cz\/bigy\/dejepisna-exkurze-v-praze-a-okoli\/\">&hellip;<\/a><\/p>\n","protected":false},"author":6,"featured_media":7825,"comment_status":"closed","ping_status":"closed","sticky":false,"template":"","format":"standard","meta":{"footnotes":""},"categories":[30],"tags":[42],"class_list":["post-7819","post","type-post","status-publish","format-standard","has-post-thumbnail","hentry","category-aktuality","tag-dejepis","odd"],"_links":{"self":[{"href":"https:\/\/bigycb.cz\/bigy\/wp-json\/wp\/v2\/posts\/7819","targetHints":{"allow":["GET"]}}],"collection":[{"href":"https:\/\/bigycb.cz\/bigy\/wp-json\/wp\/v2\/posts"}],"about":[{"href":"https:\/\/bigycb.cz\/bigy\/wp-json\/wp\/v2\/types\/post"}],"author":[{"embeddable":true,"href":"https:\/\/bigycb.cz\/bigy\/wp-json\/wp\/v2\/users\/6"}],"replies":[{"embeddable":true,"href":"https:\/\/bigycb.cz\/bigy\/wp-json\/wp\/v2\/comments?post=7819"}],"version-history":[{"count":2,"href":"https:\/\/bigycb.cz\/bigy\/wp-json\/wp\/v2\/posts\/7819\/revisions"}],"predecessor-version":[{"id":7827,"href":"https:\/\/bigycb.cz\/bigy\/wp-json\/wp\/v2\/posts\/7819\/revisions\/7827"}],"wp:featuredmedia":[{"embeddable":true,"href":"https:\/\/bigycb.cz\/bigy\/wp-json\/wp\/v2\/media\/7825"}],"wp:attachment":[{"href":"https:\/\/bigycb.cz\/bigy\/wp-json\/wp\/v2\/media?parent=7819"}],"wp:term":[{"taxonomy":"category","embeddable":true,"href":"https:\/\/bigycb.cz\/bigy\/wp-json\/wp\/v2\/categories?post=7819"},{"taxonomy":"post_tag","embeddable":true,"href":"https:\/\/bigycb.cz\/bigy\/wp-json\/wp\/v2\/tags?post=7819"}],"curies":[{"name":"wp","href":"https:\/\/api.w.org\/{rel}","templated":true}]}}