{"id":7779,"date":"2024-06-12T16:32:59","date_gmt":"2024-06-12T14:32:59","guid":{"rendered":"https:\/\/bigycb.cz\/bigy\/?p=7779"},"modified":"2024-06-13T09:53:24","modified_gmt":"2024-06-13T07:53:24","slug":"dejepisna-exkurze-5-6-2024","status":"publish","type":"post","link":"https:\/\/bigycb.cz\/bigy\/dejepisna-exkurze-5-6-2024\/","title":{"rendered":"D\u011bjepisn\u00fd v\u00fdlet 5.6. 2024"},"content":{"rendered":"<h1>D\u011bjepisn\u00fd v\u00fdlet 5.6. 2024<\/h1>\n<p>Ve st\u0159edu 5.6. 2024 jsme se brzy r\u00e1no vypravili na d\u011bjepisn\u00fd v\u00fdlet, na kter\u00e9 jsme si prohl\u00e9dli Pam\u00e1tn\u00edk Lidice a hrad K\u0159ivokl\u00e1t.<\/p>\n<p>V 10 hodin n\u00e1m za\u010d\u00ednala prohl\u00eddka v Lidic\u00edch, zhl\u00e9dli jsme kr\u00e1tk\u00fd film a pokra\u010dovali do expozice, kde jsme si ka\u017ed\u00fd mohli prohl\u00e9dnout r\u016fzn\u00e9 dokumenty a fotografie. Pot\u00e9 jsme si ka\u017ed\u00fd samostatn\u011b mohli proj\u00edt m\u00edsto, kde z\u016fstaly nap\u0159. z\u00e1klady kostela, \u0161koly a nebo tak\u00e9 Hor\u00e1kova statku. Ve 12 hodin jsme se p\u0159esunuli ke hradu K\u0159ivokl\u00e1t a ve 14 hodin n\u00e1m za\u010d\u00ednala prohl\u00eddka s pan\u00ed pr\u016fvodkyn\u00ed. Vid\u011bli jsme mnoho nov\u00fdch v\u011bc\u00ed a dozv\u011bd\u011bli jsme se spoustu nov\u00fdch informac\u00ed z \u010desk\u00e9 historie, nap\u0159. \u017ee na K\u0159ivokl\u00e1t\u011b \u017eili P\u0159emyslovci, Lucemburkov\u00e9, Jagellonci apod. Pot\u00e9, co prohl\u00eddka skon\u010dila, vydali jsme se autobusem na zp\u00e1te\u010dn\u00ed cestu do \u010cesk\u00fdch Bud\u011bjovic.<\/p>\n<p>D\u011bkujeme pan\u00ed u\u010ditelk\u00e1m, \u017ee n\u00e1m na\u0161e hodiny d\u011bjepisu umo\u017enily za\u017e\u00edt i na vlastn\u00ed k\u016f\u017ei.<\/p>\n<p>Za t\u0159\u00eddy 1.F a 2.N Sofie B\u00edl\u00e1<\/p>\n<hr \/>\n<p><img loading=\"lazy\" decoding=\"async\" class=\"aligncenter wp-image-7780 size-full\" src=\"https:\/\/bigycb.cz\/bigy\/wp-content\/uploads\/jol.png\" alt=\"\" width=\"1024\" height=\"576\" srcset=\"https:\/\/bigycb.cz\/bigy\/wp-content\/uploads\/jol.png 1024w, https:\/\/bigycb.cz\/bigy\/wp-content\/uploads\/jol-300x169.png 300w\" sizes=\"auto, (max-width: 1024px) 100vw, 1024px\" \/><\/p>\n","protected":false},"excerpt":{"rendered":"<p>D\u011bjepisn\u00fd v\u00fdlet 5.6. 2024 Ve st\u0159edu 5.6. 2024 jsme se brzy r\u00e1no vypravili na d\u011bjepisn\u00fd v\u00fdlet, na kter\u00e9 jsme si&nbsp;<a href=\"https:\/\/bigycb.cz\/bigy\/dejepisna-exkurze-5-6-2024\/\">&hellip;<\/a><\/p>\n","protected":false},"author":6,"featured_media":7781,"comment_status":"closed","ping_status":"closed","sticky":false,"template":"","format":"standard","meta":{"footnotes":""},"categories":[30],"tags":[42],"class_list":["post-7779","post","type-post","status-publish","format-standard","has-post-thumbnail","hentry","category-aktuality","tag-dejepis","odd"],"_links":{"self":[{"href":"https:\/\/bigycb.cz\/bigy\/wp-json\/wp\/v2\/posts\/7779","targetHints":{"allow":["GET"]}}],"collection":[{"href":"https:\/\/bigycb.cz\/bigy\/wp-json\/wp\/v2\/posts"}],"about":[{"href":"https:\/\/bigycb.cz\/bigy\/wp-json\/wp\/v2\/types\/post"}],"author":[{"embeddable":true,"href":"https:\/\/bigycb.cz\/bigy\/wp-json\/wp\/v2\/users\/6"}],"replies":[{"embeddable":true,"href":"https:\/\/bigycb.cz\/bigy\/wp-json\/wp\/v2\/comments?post=7779"}],"version-history":[{"count":3,"href":"https:\/\/bigycb.cz\/bigy\/wp-json\/wp\/v2\/posts\/7779\/revisions"}],"predecessor-version":[{"id":7792,"href":"https:\/\/bigycb.cz\/bigy\/wp-json\/wp\/v2\/posts\/7779\/revisions\/7792"}],"wp:featuredmedia":[{"embeddable":true,"href":"https:\/\/bigycb.cz\/bigy\/wp-json\/wp\/v2\/media\/7781"}],"wp:attachment":[{"href":"https:\/\/bigycb.cz\/bigy\/wp-json\/wp\/v2\/media?parent=7779"}],"wp:term":[{"taxonomy":"category","embeddable":true,"href":"https:\/\/bigycb.cz\/bigy\/wp-json\/wp\/v2\/categories?post=7779"},{"taxonomy":"post_tag","embeddable":true,"href":"https:\/\/bigycb.cz\/bigy\/wp-json\/wp\/v2\/tags?post=7779"}],"curies":[{"name":"wp","href":"https:\/\/api.w.org\/{rel}","templated":true}]}}