{"id":6399,"date":"2024-02-15T18:11:38","date_gmt":"2024-02-15T17:11:38","guid":{"rendered":"https:\/\/bigycb.cz\/bigy\/?p=6399"},"modified":"2024-03-06T12:04:41","modified_gmt":"2024-03-06T11:04:41","slug":"vylet-2-a-za-kulturou-do-prahy","status":"publish","type":"post","link":"https:\/\/bigycb.cz\/bigy\/vylet-2-a-za-kulturou-do-prahy\/","title":{"rendered":"V\u00fdlet 2.A za kulturou do Prahy"},"content":{"rendered":"<h1>V\u00fdlet 2.A za kulturou do Prahy<\/h1>\n<p>Dne 18. 1. 2024 jsme vyrazili do Prahy na v\u00fdlet za kulturou. V Praze n\u00e1m po\u010das\u00ed moc nep\u0159\u00e1lo, ale to n\u00e1m v\u00fdlet nezkazilo. V Rudolfinu na n\u00e1s \u010dekal koncert s t\u00e9matem italsk\u00fdch oper. L\u00edbilo se n\u00e1m, \u017ee jsme se mohli zapojit do programu. Po kr\u00e1tk\u00e9 pauze na ob\u011bd jsme se p\u0159esunuli k N\u00e1rodn\u00edmu divadlu. Tam jsme m\u011bli prohl\u00eddku, kter\u00e1 zahrnovala proch\u00e1zku po skoro cel\u00e9m divadle. Na konci byl kr\u00e1tk\u00fd rozchod a potom jsme jeli vlakem zp\u00e1tky dom\u016f. V\u0161em se to moc l\u00edbilo.<\/p>\n<hr \/>\n\n\t\t<style type=\"text\/css\">\n\t\t\t#gallery-1 {\n\t\t\t\tmargin: auto;\n\t\t\t}\n\t\t\t#gallery-1 .gallery-item {\n\t\t\t\tfloat: left;\n\t\t\t\tmargin-top: 10px;\n\t\t\t\ttext-align: center;\n\t\t\t\twidth: 50%;\n\t\t\t}\n\t\t\t#gallery-1 img {\n\t\t\t\tborder: 2px solid #cfcfcf;\n\t\t\t}\n\t\t\t#gallery-1 .gallery-caption {\n\t\t\t\tmargin-left: 0;\n\t\t\t}\n\t\t\t\/* see gallery_shortcode() in wp-includes\/media.php *\/\n\t\t<\/style>\n\t\t<div id='gallery-1' class='gallery galleryid-6399 gallery-columns-2 gallery-size-thumbnail'><dl class='gallery-item'>\n\t\t\t<dt class='gallery-icon landscape'>\n\t\t\t\t<a href='https:\/\/bigycb.cz\/bigy\/wp-content\/uploads\/vo1-e1708017313578.png' rel=\"lightbox[6399]\"><img loading=\"lazy\" decoding=\"async\" width=\"150\" height=\"150\" src=\"https:\/\/bigycb.cz\/bigy\/wp-content\/uploads\/vo1-150x150.png\" class=\"attachment-thumbnail size-thumbnail\" alt=\"\" \/><\/a>\n\t\t\t<\/dt><\/dl><dl class='gallery-item'>\n\t\t\t<dt class='gallery-icon landscape'>\n\t\t\t\t<a href='https:\/\/bigycb.cz\/bigy\/wp-content\/uploads\/vo2.png' rel=\"lightbox[6399]\"><img loading=\"lazy\" decoding=\"async\" width=\"150\" height=\"150\" src=\"https:\/\/bigycb.cz\/bigy\/wp-content\/uploads\/vo2-150x150.png\" class=\"attachment-thumbnail size-thumbnail\" alt=\"\" \/><\/a>\n\t\t\t<\/dt><\/dl><br style=\"clear: both\" \/>\n\t\t<\/div>\n\n","protected":false},"excerpt":{"rendered":"<p>V\u00fdlet 2.A za kulturou do Prahy Dne 18. 1. 2024 jsme vyrazili do Prahy na v\u00fdlet za kulturou. V Praze&nbsp;<a href=\"https:\/\/bigycb.cz\/bigy\/vylet-2-a-za-kulturou-do-prahy\/\">&hellip;<\/a><\/p>\n","protected":false},"author":6,"featured_media":6401,"comment_status":"closed","ping_status":"closed","sticky":false,"template":"","format":"standard","meta":{"footnotes":""},"categories":[30],"tags":[42],"class_list":["post-6399","post","type-post","status-publish","format-standard","has-post-thumbnail","hentry","category-aktuality","tag-dejepis","odd"],"_links":{"self":[{"href":"https:\/\/bigycb.cz\/bigy\/wp-json\/wp\/v2\/posts\/6399","targetHints":{"allow":["GET"]}}],"collection":[{"href":"https:\/\/bigycb.cz\/bigy\/wp-json\/wp\/v2\/posts"}],"about":[{"href":"https:\/\/bigycb.cz\/bigy\/wp-json\/wp\/v2\/types\/post"}],"author":[{"embeddable":true,"href":"https:\/\/bigycb.cz\/bigy\/wp-json\/wp\/v2\/users\/6"}],"replies":[{"embeddable":true,"href":"https:\/\/bigycb.cz\/bigy\/wp-json\/wp\/v2\/comments?post=6399"}],"version-history":[{"count":1,"href":"https:\/\/bigycb.cz\/bigy\/wp-json\/wp\/v2\/posts\/6399\/revisions"}],"predecessor-version":[{"id":6402,"href":"https:\/\/bigycb.cz\/bigy\/wp-json\/wp\/v2\/posts\/6399\/revisions\/6402"}],"wp:featuredmedia":[{"embeddable":true,"href":"https:\/\/bigycb.cz\/bigy\/wp-json\/wp\/v2\/media\/6401"}],"wp:attachment":[{"href":"https:\/\/bigycb.cz\/bigy\/wp-json\/wp\/v2\/media?parent=6399"}],"wp:term":[{"taxonomy":"category","embeddable":true,"href":"https:\/\/bigycb.cz\/bigy\/wp-json\/wp\/v2\/categories?post=6399"},{"taxonomy":"post_tag","embeddable":true,"href":"https:\/\/bigycb.cz\/bigy\/wp-json\/wp\/v2\/tags?post=6399"}],"curies":[{"name":"wp","href":"https:\/\/api.w.org\/{rel}","templated":true}]}}