{"id":6110,"date":"2023-12-29T11:36:14","date_gmt":"2023-12-29T10:36:14","guid":{"rendered":"https:\/\/bigycb.cz\/bigy\/?p=6110"},"modified":"2024-03-07T09:03:51","modified_gmt":"2024-03-07T08:03:51","slug":"vanocne-dejepisny-vylet-do-grazu","status":"publish","type":"post","link":"https:\/\/bigycb.cz\/bigy\/vanocne-dejepisny-vylet-do-grazu\/","title":{"rendered":"V\u00e1no\u010dn\u011b d\u011bjepisn\u00fd v\u00fdlet do Grazu"},"content":{"rendered":"<h1>V\u00e1no\u010dn\u00ed d\u011bjepisn\u00fd v\u00fdlet do Grazu<\/h1>\n<p>V \u00fater\u00fd 12. 12. vyrazila skupina student\u016f ze t\u0159\u00edd 3.N, 2.F a 1.C na v\u00e1no\u010dn\u011b d\u011bjepisn\u00fd v\u00fdlet do rakousk\u00e9ho Grazu. R\u00e1no kolem osm\u00e9 jsme se do Grazu vypravili autobusem od na\u0161\u00ed \u0161koly. Cesta do Grazu byla vcelku dlouh\u00e1, trvala asi p\u011bt hodin, ale ub\u00edhala n\u00e1m docela rychle. Cestou jsme byli obklopeni zasn\u011b\u017een\u00fdmi rakousk\u00fdmi Alpami a tak\u00e9 jsme poslouchali zaj\u00edmav\u00e9 pov\u00edd\u00e1n\u00ed na\u0161\u00ed pan\u00ed u\u010ditelky Hesounov\u00e9 o Grazu a tak\u00e9 Rakousku. Po p\u0159\u00edjezdu do Grazu jsme si na\u0161e zavazadla odlo\u017eili v domluven\u00e9m ubytov\u00e1n\u00ed a pak jsme se tramvaj\u00ed vydali do centra kr\u00e1sn\u011b v\u00e1no\u010dn\u011b nalad\u011bn\u00e9ho Grazu. Na\u0161\u00edm c\u00edlem byla sk\u00e1la Schlossberg, kam jsme se postupn\u011b dostali v\u0161ichni modern\u00edm sklen\u011bn\u00fdm v\u00fdtahem. Na Schlossbergu jsme vid\u011bli historickou hodinovou v\u011b\u017e Uhrturm ze 13. stolet\u00ed a tak\u00e9 n\u00e1s uchv\u00e1til panoramatick\u00fd v\u00fdhled na v\u00e1no\u010dn\u00ed Graz a okoln\u00ed rakousk\u00e9 Alpy. P\u0159i zapadaj\u00edc\u00edm slunci byl na v\u0161e n\u00e1dhern\u00fd pohled a vyhl\u00eddka taky st\u00e1la za to. N\u00e1\u0161 z\u00e1\u017eitek obohatil rakousk\u00fd harmonik\u00e1\u0159, kter\u00fd n\u00e1m dodal v\u00e1no\u010dn\u00ed atmosf\u00e9ru svoj\u00ed hrou. Po prohl\u00eddce Schlossbergu jsme se\u0161li p\u011b\u0161ky dol\u016f a za\u010dali plnit \u00fakol \u2013 naj\u00edt zn\u00e1m\u00fd a cenn\u00fd renesan\u010dn\u00ed Landeshaus. Byli jsme j\u00edm v\u0161ichni ohromeni, zvl\u00e1\u0161t\u011b ledov\u00fdm hradem uprost\u0159ed a \u00fa\u017easnou architekturou. N\u011bkte\u0159\u00ed se d\u00e1le vydali do muzea v\u00fdzbroje z 30let\u00e9 v\u00e1lky, jin\u00ed proch\u00e1zeli renesan\u010dn\u00ed ark\u00e1dy. Zbytek dne jsme str\u00e1vili na v\u00e1no\u010dn\u00edch trz\u00edch, kter\u00fdch bylo ve m\u011bst\u011b n\u011bkolik. Trhy se n\u00e1m velice l\u00edbily, proch\u00e1zeli jsme se po m\u011bst\u011b, po trhu a nav\u0161t\u011bvovali r\u016fzn\u00e9 obchody. Ve\u010der jsme se m\u011bstskou tramvaj\u00ed vr\u00e1tili na na\u0161e ubytov\u00e1n\u00ed, kde jsme se spole\u010dn\u011b nave\u010de\u0159eli. Druh\u00fd den, ve st\u0159edu 13. 12. jsme po sn\u00eddani vyrazili do are\u00e1lu z\u00e1mku Eggenberg, zam\u00ed\u0159ili jsme tak\u00e9 do archeologick\u00e9ho muzea. Zde jsme vid\u011bli pozoruhodn\u00e9 expon\u00e1ty nap\u0159. hal\u0161tatsk\u00fd kultovn\u00ed voz\u00edk, prav\u011bk\u00e9 \u0161perky, hrobovou v\u00fdbavu a tak\u00e9 dokonce prav\u00e9 mumie ze starov\u011bk\u00e9ho Egypta. Ve druh\u00e9 \u010d\u00e1sti muzea jsme m\u011bli mo\u017enost vid\u011bt mnoho kr\u00e1sn\u00fdch historick\u00fdch obraz\u016f. V\u00fdstava star\u00e9ho um\u011bn\u00ed n\u00e1s nadchla stejn\u011b tak, jako nespo\u010det obraz\u016f a soch, kter\u00e9 n\u00e1s ochromily svou detailnost\u00ed. Na\u0161e posledn\u00ed zast\u00e1vka byla v Linzi. Sv\u011bt\u00fdlka, pun\u010d, ovoce v \u010dokol\u00e1d\u011b, nakupov\u00e1n\u00ed posledn\u00edch suven\u00fdr\u016f byly skv\u011blou te\u010dkou za na\u0161\u00edm v\u00fdletem. V\u00fdlet jsme si v\u0161ichni moc u\u017eili, bylo to fajn. Velmi d\u011bkujeme na\u0161\u00ed pan\u00ed t\u0159\u00eddn\u00ed u\u010ditelce Hesounov\u00e9, pan\u00ed u\u010ditelce Muskov\u00e9 a panu u\u010diteli Form\u00e1nkovi za organizaci a spole\u010dnost na v\u00fdlet\u011b.<\/p>\n<p>Veronika Fialkov\u00e1, Madla Pokorn\u00e1, Ani\u010dka J\u00edchov\u00e1<\/p>\n<hr \/>\n\n\t\t<style type=\"text\/css\">\n\t\t\t#gallery-1 {\n\t\t\t\tmargin: auto;\n\t\t\t}\n\t\t\t#gallery-1 .gallery-item {\n\t\t\t\tfloat: left;\n\t\t\t\tmargin-top: 10px;\n\t\t\t\ttext-align: center;\n\t\t\t\twidth: 33%;\n\t\t\t}\n\t\t\t#gallery-1 img {\n\t\t\t\tborder: 2px solid #cfcfcf;\n\t\t\t}\n\t\t\t#gallery-1 .gallery-caption {\n\t\t\t\tmargin-left: 0;\n\t\t\t}\n\t\t\t\/* see gallery_shortcode() in wp-includes\/media.php *\/\n\t\t<\/style>\n\t\t<div id='gallery-1' class='gallery galleryid-6110 gallery-columns-3 gallery-size-thumbnail'><dl class='gallery-item'>\n\t\t\t<dt class='gallery-icon portrait'>\n\t\t\t\t<a href='https:\/\/bigycb.cz\/bigy\/wp-content\/uploads\/hes1.png' rel=\"lightbox[6110]\"><img loading=\"lazy\" decoding=\"async\" width=\"150\" height=\"150\" src=\"https:\/\/bigycb.cz\/bigy\/wp-content\/uploads\/hes1-150x150.png\" class=\"attachment-thumbnail size-thumbnail\" alt=\"\" \/><\/a>\n\t\t\t<\/dt><\/dl><dl class='gallery-item'>\n\t\t\t<dt class='gallery-icon portrait'>\n\t\t\t\t<a href='https:\/\/bigycb.cz\/bigy\/wp-content\/uploads\/hes2.png' rel=\"lightbox[6110]\"><img loading=\"lazy\" decoding=\"async\" width=\"150\" height=\"150\" src=\"https:\/\/bigycb.cz\/bigy\/wp-content\/uploads\/hes2-150x150.png\" class=\"attachment-thumbnail size-thumbnail\" alt=\"\" \/><\/a>\n\t\t\t<\/dt><\/dl><dl class='gallery-item'>\n\t\t\t<dt class='gallery-icon landscape'>\n\t\t\t\t<a href='https:\/\/bigycb.cz\/bigy\/wp-content\/uploads\/hes3.png' rel=\"lightbox[6110]\"><img loading=\"lazy\" decoding=\"async\" width=\"150\" height=\"150\" src=\"https:\/\/bigycb.cz\/bigy\/wp-content\/uploads\/hes3-150x150.png\" class=\"attachment-thumbnail size-thumbnail\" alt=\"\" \/><\/a>\n\t\t\t<\/dt><\/dl><br style=\"clear: both\" \/><dl class='gallery-item'>\n\t\t\t<dt class='gallery-icon portrait'>\n\t\t\t\t<a href='https:\/\/bigycb.cz\/bigy\/wp-content\/uploads\/hes4.png' rel=\"lightbox[6110]\"><img loading=\"lazy\" decoding=\"async\" width=\"150\" height=\"150\" src=\"https:\/\/bigycb.cz\/bigy\/wp-content\/uploads\/hes4-150x150.png\" class=\"attachment-thumbnail size-thumbnail\" alt=\"\" \/><\/a>\n\t\t\t<\/dt><\/dl><dl class='gallery-item'>\n\t\t\t<dt class='gallery-icon portrait'>\n\t\t\t\t<a href='https:\/\/bigycb.cz\/bigy\/wp-content\/uploads\/hes5.png' rel=\"lightbox[6110]\"><img loading=\"lazy\" decoding=\"async\" width=\"150\" height=\"150\" src=\"https:\/\/bigycb.cz\/bigy\/wp-content\/uploads\/hes5-150x150.png\" class=\"attachment-thumbnail size-thumbnail\" alt=\"\" \/><\/a>\n\t\t\t<\/dt><\/dl><dl class='gallery-item'>\n\t\t\t<dt class='gallery-icon landscape'>\n\t\t\t\t<a href='https:\/\/bigycb.cz\/bigy\/wp-content\/uploads\/hes6-e1703846385873.png' rel=\"lightbox[6110]\"><img loading=\"lazy\" decoding=\"async\" width=\"150\" height=\"150\" src=\"https:\/\/bigycb.cz\/bigy\/wp-content\/uploads\/hes6-e1703846385873-150x150.png\" class=\"attachment-thumbnail size-thumbnail\" alt=\"\" \/><\/a>\n\t\t\t<\/dt><\/dl><br style=\"clear: both\" \/>\n\t\t<\/div>\n\n<p>&nbsp;<\/p>\n","protected":false},"excerpt":{"rendered":"<p>V\u00e1no\u010dn\u00ed d\u011bjepisn\u00fd v\u00fdlet do Grazu V \u00fater\u00fd 12. 12. vyrazila skupina student\u016f ze t\u0159\u00edd 3.N, 2.F a 1.C na v\u00e1no\u010dn\u011b&nbsp;<a href=\"https:\/\/bigycb.cz\/bigy\/vanocne-dejepisny-vylet-do-grazu\/\">&hellip;<\/a><\/p>\n","protected":false},"author":6,"featured_media":6116,"comment_status":"closed","ping_status":"closed","sticky":false,"template":"","format":"standard","meta":{"footnotes":""},"categories":[30],"tags":[42],"class_list":["post-6110","post","type-post","status-publish","format-standard","has-post-thumbnail","hentry","category-aktuality","tag-dejepis","odd"],"_links":{"self":[{"href":"https:\/\/bigycb.cz\/bigy\/wp-json\/wp\/v2\/posts\/6110","targetHints":{"allow":["GET"]}}],"collection":[{"href":"https:\/\/bigycb.cz\/bigy\/wp-json\/wp\/v2\/posts"}],"about":[{"href":"https:\/\/bigycb.cz\/bigy\/wp-json\/wp\/v2\/types\/post"}],"author":[{"embeddable":true,"href":"https:\/\/bigycb.cz\/bigy\/wp-json\/wp\/v2\/users\/6"}],"replies":[{"embeddable":true,"href":"https:\/\/bigycb.cz\/bigy\/wp-json\/wp\/v2\/comments?post=6110"}],"version-history":[{"count":1,"href":"https:\/\/bigycb.cz\/bigy\/wp-json\/wp\/v2\/posts\/6110\/revisions"}],"predecessor-version":[{"id":6117,"href":"https:\/\/bigycb.cz\/bigy\/wp-json\/wp\/v2\/posts\/6110\/revisions\/6117"}],"wp:featuredmedia":[{"embeddable":true,"href":"https:\/\/bigycb.cz\/bigy\/wp-json\/wp\/v2\/media\/6116"}],"wp:attachment":[{"href":"https:\/\/bigycb.cz\/bigy\/wp-json\/wp\/v2\/media?parent=6110"}],"wp:term":[{"taxonomy":"category","embeddable":true,"href":"https:\/\/bigycb.cz\/bigy\/wp-json\/wp\/v2\/categories?post=6110"},{"taxonomy":"post_tag","embeddable":true,"href":"https:\/\/bigycb.cz\/bigy\/wp-json\/wp\/v2\/tags?post=6110"}],"curies":[{"name":"wp","href":"https:\/\/api.w.org\/{rel}","templated":true}]}}