{"id":4850,"date":"2023-05-10T18:14:20","date_gmt":"2023-05-10T16:14:20","guid":{"rendered":"https:\/\/bigycb.cz\/bigy\/?p=4850"},"modified":"2024-03-08T12:09:49","modified_gmt":"2024-03-08T11:09:49","slug":"exkurze-do-senatu-a-debata-se-senatorem-hilserem","status":"publish","type":"post","link":"https:\/\/bigycb.cz\/bigy\/exkurze-do-senatu-a-debata-se-senatorem-hilserem\/","title":{"rendered":"Exkurze do sen\u00e1tu a debata se sen\u00e1torem Hil\u0161erem"},"content":{"rendered":"<h1>Exkurze do sen\u00e1tu a debata se sen\u00e1torem Hil\u0161erem<\/h1>\n<p style=\"font-weight: 400;\">Dne 27. 4. se t\u0159\u00eddy 5.E a 4.E z\u00fa\u010dastnily nau\u010dn\u00e9 exkurze do Prahy. B\u011bhem cesty pan u\u010ditel Volf vytvo\u0159il whatsappovou skupinu, co\u017e bylo velmi v\u00fdhodn\u00e9 pro na\u0161i vz\u00e1jemnou komunikaci. Kdy\u017e jsme p\u0159ijeli do Prahy, p\u0159em\u00edstili jsme na V\u00e1clavsk\u00e9 n\u00e1m\u011bst\u00ed, kde jsme dostali rozchod na sn\u00eddani. Pot\u00e9 jsme pokra\u010dovali proch\u00e1zkou Prahy, p\u0159i kter\u00e9 jsme nav\u0161t\u00edvili v\u00fdznamn\u00e1 m\u00edsta d\u011bjin 20. stolet\u00ed. Ke ka\u017ed\u00e9mu m\u00edstu jsme obdr\u017eeli do skupiny fotku nebo zaj\u00edmav\u00e9 informace.<\/p>\n<p style=\"font-weight: 400;\">Proch\u00e1zka byla zakon\u010dena u Sen\u00e1tu, kde jsme m\u011bli domluvenou prohl\u00eddku prostor a setk\u00e1n\u00ed s\u00a0panem Hil\u0161erem. Ten n\u00e1m nejprve pov\u00eddal o fungov\u00e1n\u00ed Sen\u00e1tu a Poslaneck\u00e9 sn\u011bmovny a n\u00e1sledn\u011b jsme se mohli pt\u00e1t na jak\u00e9koliv zv\u00eddav\u00e9 ot\u00e1zky, na kter\u00e9 n\u00e1m ochotn\u011b odpov\u00eddal. Pak jsme se metrem odebrali na V\u00e1clavsk\u00e9 n\u00e1m\u011bst\u00ed, odkud jsme \u0161li sm\u011brem ke Karolinu. U n\u011bj jsme se zastavili a dozv\u011bd\u011bli n\u011bco zaj\u00edmav\u00e9ho. Nakonec jsme dostali rozchod na pozd\u011bj\u0161\u00ed ob\u011bd.<\/p>\n<p style=\"font-weight: 400;\">Nave\u010der jsme se v\u0161ichni se\u0161li, do\u0161li jsme spole\u010dn\u011b na vlakov\u00e9 n\u00e1dra\u017e\u00ed a odjeli zp\u011bt do \u010cesk\u00fdch Bud\u011bjovic. T\u00edmto bych moc cht\u011bla za v\u0161echny pod\u011bkovat panu u\u010diteli Volfovi za skv\u011blou organizaci a spoustu zaj\u00edmav\u00fdch informac\u00ed a tak\u00e9 pan\u00ed u\u010ditelce Trendov\u00e9, kter\u00e1 n\u00e1s tak\u00e9 doprov\u00e1zela.<\/p>\n<p style=\"font-weight: 400;\">Kl\u00e1ra Divi\u0161ov\u00e1 5.E<\/p>\n<hr \/>\n\n\t\t<style type=\"text\/css\">\n\t\t\t#gallery-1 {\n\t\t\t\tmargin: auto;\n\t\t\t}\n\t\t\t#gallery-1 .gallery-item {\n\t\t\t\tfloat: left;\n\t\t\t\tmargin-top: 10px;\n\t\t\t\ttext-align: center;\n\t\t\t\twidth: 33%;\n\t\t\t}\n\t\t\t#gallery-1 img {\n\t\t\t\tborder: 2px solid #cfcfcf;\n\t\t\t}\n\t\t\t#gallery-1 .gallery-caption {\n\t\t\t\tmargin-left: 0;\n\t\t\t}\n\t\t\t\/* see gallery_shortcode() in wp-includes\/media.php *\/\n\t\t<\/style>\n\t\t<div id='gallery-1' class='gallery galleryid-4850 gallery-columns-3 gallery-size-thumbnail'><dl class='gallery-item'>\n\t\t\t<dt class='gallery-icon landscape'>\n\t\t\t\t<a href='https:\/\/bigycb.cz\/bigy\/wp-content\/uploads\/IMG_3127.jpeg' rel=\"lightbox[4850]\"><img loading=\"lazy\" decoding=\"async\" width=\"150\" height=\"150\" src=\"https:\/\/bigycb.cz\/bigy\/wp-content\/uploads\/IMG_3127-150x150.jpeg\" class=\"attachment-thumbnail size-thumbnail\" alt=\"\" \/><\/a>\n\t\t\t<\/dt><\/dl><dl class='gallery-item'>\n\t\t\t<dt class='gallery-icon landscape'>\n\t\t\t\t<a href='https:\/\/bigycb.cz\/bigy\/wp-content\/uploads\/IMG_9963.jpeg' rel=\"lightbox[4850]\"><img loading=\"lazy\" decoding=\"async\" width=\"150\" height=\"150\" src=\"https:\/\/bigycb.cz\/bigy\/wp-content\/uploads\/IMG_9963-150x150.jpeg\" class=\"attachment-thumbnail size-thumbnail\" alt=\"\" \/><\/a>\n\t\t\t<\/dt><\/dl><dl class='gallery-item'>\n\t\t\t<dt class='gallery-icon landscape'>\n\t\t\t\t<a href='https:\/\/bigycb.cz\/bigy\/wp-content\/uploads\/IMG_9976.jpeg' rel=\"lightbox[4850]\"><img loading=\"lazy\" decoding=\"async\" width=\"150\" height=\"150\" src=\"https:\/\/bigycb.cz\/bigy\/wp-content\/uploads\/IMG_9976-150x150.jpeg\" class=\"attachment-thumbnail size-thumbnail\" alt=\"\" \/><\/a>\n\t\t\t<\/dt><\/dl><br style=\"clear: both\" \/>\n\t\t<\/div>\n\n","protected":false},"excerpt":{"rendered":"<p>Exkurze do sen\u00e1tu a debata se sen\u00e1torem Hil\u0161erem Dne 27. 4. se t\u0159\u00eddy 5.E a 4.E z\u00fa\u010dastnily nau\u010dn\u00e9 exkurze do&nbsp;<a href=\"https:\/\/bigycb.cz\/bigy\/exkurze-do-senatu-a-debata-se-senatorem-hilserem\/\">&hellip;<\/a><\/p>\n","protected":false},"author":1,"featured_media":4851,"comment_status":"closed","ping_status":"closed","sticky":false,"template":"","format":"standard","meta":{"footnotes":""},"categories":[30],"tags":[55],"class_list":["post-4850","post","type-post","status-publish","format-standard","has-post-thumbnail","hentry","category-aktuality","tag-zaklady-spolecenskych-ved","odd"],"_links":{"self":[{"href":"https:\/\/bigycb.cz\/bigy\/wp-json\/wp\/v2\/posts\/4850","targetHints":{"allow":["GET"]}}],"collection":[{"href":"https:\/\/bigycb.cz\/bigy\/wp-json\/wp\/v2\/posts"}],"about":[{"href":"https:\/\/bigycb.cz\/bigy\/wp-json\/wp\/v2\/types\/post"}],"author":[{"embeddable":true,"href":"https:\/\/bigycb.cz\/bigy\/wp-json\/wp\/v2\/users\/1"}],"replies":[{"embeddable":true,"href":"https:\/\/bigycb.cz\/bigy\/wp-json\/wp\/v2\/comments?post=4850"}],"version-history":[{"count":3,"href":"https:\/\/bigycb.cz\/bigy\/wp-json\/wp\/v2\/posts\/4850\/revisions"}],"predecessor-version":[{"id":6847,"href":"https:\/\/bigycb.cz\/bigy\/wp-json\/wp\/v2\/posts\/4850\/revisions\/6847"}],"wp:featuredmedia":[{"embeddable":true,"href":"https:\/\/bigycb.cz\/bigy\/wp-json\/wp\/v2\/media\/4851"}],"wp:attachment":[{"href":"https:\/\/bigycb.cz\/bigy\/wp-json\/wp\/v2\/media?parent=4850"}],"wp:term":[{"taxonomy":"category","embeddable":true,"href":"https:\/\/bigycb.cz\/bigy\/wp-json\/wp\/v2\/categories?post=4850"},{"taxonomy":"post_tag","embeddable":true,"href":"https:\/\/bigycb.cz\/bigy\/wp-json\/wp\/v2\/tags?post=4850"}],"curies":[{"name":"wp","href":"https:\/\/api.w.org\/{rel}","templated":true}]}}