{"id":4477,"date":"2023-04-23T16:32:59","date_gmt":"2023-04-23T14:32:59","guid":{"rendered":"https:\/\/bigycb.cz\/bigy\/?p=4477"},"modified":"2023-04-23T16:32:59","modified_gmt":"2023-04-23T14:32:59","slug":"1-a-ve-filmu","status":"publish","type":"post","link":"https:\/\/bigycb.cz\/bigy\/1-a-ve-filmu\/","title":{"rendered":"1.A ve filmu!"},"content":{"rendered":"<p style=\"font-weight: 400;\">Dne 20. dubna 2023 se v\u00a0\u010deskobud\u011bjovick\u00e9m Goethecentru konal 8.ro\u010dn\u00edk region\u00e1ln\u00edho kola sout\u011b\u017ee v\u00a0p\u0159ednesu n\u011bmeck\u00fdch text\u016f B\u00fccherwurm. Cel\u00e1 skupina n\u011bm\u010din\u00e1\u0159ek a n\u011bm\u010din\u00e1\u0159\u016f z\u00a01.A se rozhodla p\u0159ipravit vystoupen\u00ed v\u00a0tzv. kreativn\u00ed kategorii, kde se krom\u011b mluven\u00e9ho projevu \u010di zpracov\u00e1n\u00ed t\u00e9matu hodnot\u00ed i um\u011bleck\u00e9 ztv\u00e1rn\u011bn\u00ed a hereck\u00e9 v\u00fdkony. V\u00a0leto\u0161n\u00edm roce byla zad\u00e1na kniha vtipn\u011b l\u00ed\u010d\u00edc\u00ed star\u00e9 \u0159eck\u00e9 b\u00e1je a pov\u011bsti. A proto\u017ee 1.A stejn\u00e9 t\u00e9ma prob\u00edrala pr\u00e1v\u011b v\u00a0d\u011bjepise, \u0161li jsme do toho! Spole\u010dn\u011b jsme napsali sc\u00e9n\u00e1\u0159 a n\u011bkolik t\u00fddn\u016f piln\u011b cvi\u010dili, malovali kulisy a nakonec nat\u00e1\u010deli na kameru.<\/p>\n<p style=\"font-weight: 400;\"><strong>V\u00fdsledkem je 1. m\u00edsto v\u00a0kreativn\u00ed kategorii a z\u00e1rove\u0148 cena publika!<\/strong> Porota zvl\u00e1\u0161\u0165 ocenila nad\u0161en\u00ed mlad\u00fdch here\u010dek a herc\u016f a propojen\u00ed hran\u00e9ho divadla s\u00a0multimedi\u00e1ln\u00ed technikou. Odm\u011bnou byl krom\u011b diplomu velik\u00fd dort, registrace do Goethecentra a vybran\u00ed \u017e\u00e1ci \u2013 z\u0159ejm\u011b re\u017eis\u00e9r a hlavn\u00ed\u00a0 protagonist\u00e9 &#8211; pojedou v\u00a0\u010dervnu na n\u00e1v\u0161t\u011bvu Goethova institutu v\u00a0Praze.<\/p>\n<p style=\"font-weight: 400;\">A jak sout\u011b\u017e hodnot\u00ed sami studenti? \u201eMoc jsme si to u\u017eili\u201c,\u0159\u00edkali jednotn\u011b.\u201c V\u00edce jsme se poznali, nau\u010dili jsme se hodn\u011b nov\u00fdch n\u011bmeck\u00fdch slov\u00ed\u010dek a zlep\u0161ili v\u00fdslovnost. Za rok se chceme op\u011bt z\u00fa\u010dastnit,\u201c dod\u00e1v\u00e1 Tom\u00e1\u0161 Fuit, re\u017eis\u00e9r a sc\u00e9n\u00e1rista.<\/p>\n<p style=\"font-weight: 400;\">Zvl\u00e1\u0161tn\u00ed pod\u011bkov\u00e1n\u00ed pat\u0159\u00ed pan\u00ed prof. Jitce Pelik\u00e1nov\u00e9 za pomoc p\u0159i v\u00fdrob\u011b kulis a panu ing. Polaneck\u00e9mu za nat\u00e1\u010den\u00ed.<\/p>\n<p style=\"font-weight: 400;\">Kate\u0159ina \u0160truncov\u00e1<\/p>\n<hr \/>\n\n\t\t<style type=\"text\/css\">\n\t\t\t#gallery-1 {\n\t\t\t\tmargin: auto;\n\t\t\t}\n\t\t\t#gallery-1 .gallery-item {\n\t\t\t\tfloat: left;\n\t\t\t\tmargin-top: 10px;\n\t\t\t\ttext-align: center;\n\t\t\t\twidth: 25%;\n\t\t\t}\n\t\t\t#gallery-1 img {\n\t\t\t\tborder: 2px solid #cfcfcf;\n\t\t\t}\n\t\t\t#gallery-1 .gallery-caption {\n\t\t\t\tmargin-left: 0;\n\t\t\t}\n\t\t\t\/* see gallery_shortcode() in wp-includes\/media.php *\/\n\t\t<\/style>\n\t\t<div id='gallery-1' class='gallery galleryid-4477 gallery-columns-4 gallery-size-thumbnail'><dl class='gallery-item'>\n\t\t\t<dt class='gallery-icon landscape'>\n\t\t\t\t<a href='https:\/\/bigycb.cz\/bigy\/wp-content\/uploads\/20230420_095550-1.jpg' rel=\"lightbox[4477]\"><img loading=\"lazy\" decoding=\"async\" width=\"150\" height=\"150\" src=\"https:\/\/bigycb.cz\/bigy\/wp-content\/uploads\/20230420_095550-1-150x150.jpg\" class=\"attachment-thumbnail size-thumbnail\" alt=\"\" \/><\/a>\n\t\t\t<\/dt><\/dl><dl class='gallery-item'>\n\t\t\t<dt class='gallery-icon portrait'>\n\t\t\t\t<a href='https:\/\/bigycb.cz\/bigy\/wp-content\/uploads\/20230420_095620-1-rotated.jpg' rel=\"lightbox[4477]\"><img loading=\"lazy\" decoding=\"async\" width=\"150\" height=\"150\" src=\"https:\/\/bigycb.cz\/bigy\/wp-content\/uploads\/20230420_095620-1-rotated-150x150.jpg\" class=\"attachment-thumbnail size-thumbnail\" alt=\"\" \/><\/a>\n\t\t\t<\/dt><\/dl><dl class='gallery-item'>\n\t\t\t<dt class='gallery-icon landscape'>\n\t\t\t\t<a href='https:\/\/bigycb.cz\/bigy\/wp-content\/uploads\/20230420_100152-1.jpg' rel=\"lightbox[4477]\"><img loading=\"lazy\" decoding=\"async\" width=\"150\" height=\"150\" src=\"https:\/\/bigycb.cz\/bigy\/wp-content\/uploads\/20230420_100152-1-150x150.jpg\" class=\"attachment-thumbnail size-thumbnail\" alt=\"\" \/><\/a>\n\t\t\t<\/dt><\/dl><dl class='gallery-item'>\n\t\t\t<dt class='gallery-icon landscape'>\n\t\t\t\t<a href='https:\/\/bigycb.cz\/bigy\/wp-content\/uploads\/20230420_112325-1-rotated.jpg' rel=\"lightbox[4477]\"><img loading=\"lazy\" decoding=\"async\" width=\"150\" height=\"150\" src=\"https:\/\/bigycb.cz\/bigy\/wp-content\/uploads\/20230420_112325-1-rotated-150x150.jpg\" class=\"attachment-thumbnail size-thumbnail\" alt=\"\" \/><\/a>\n\t\t\t<\/dt><\/dl><br style=\"clear: both\" \/>\n\t\t<\/div>\n\n","protected":false},"excerpt":{"rendered":"<p>Dne 20. dubna 2023 se v\u00a0\u010deskobud\u011bjovick\u00e9m Goethecentru konal 8.ro\u010dn\u00edk region\u00e1ln\u00edho kola sout\u011b\u017ee v\u00a0p\u0159ednesu n\u011bmeck\u00fdch text\u016f B\u00fccherwurm. Cel\u00e1 skupina n\u011bm\u010din\u00e1\u0159ek a&nbsp;<a href=\"https:\/\/bigycb.cz\/bigy\/1-a-ve-filmu\/\">&hellip;<\/a><\/p>\n","protected":false},"author":1,"featured_media":4485,"comment_status":"closed","ping_status":"closed","sticky":false,"template":"","format":"standard","meta":{"footnotes":""},"categories":[30,35],"tags":[],"class_list":["post-4477","post","type-post","status-publish","format-standard","has-post-thumbnail","hentry","category-aktuality","category-uspechy","odd"],"_links":{"self":[{"href":"https:\/\/bigycb.cz\/bigy\/wp-json\/wp\/v2\/posts\/4477","targetHints":{"allow":["GET"]}}],"collection":[{"href":"https:\/\/bigycb.cz\/bigy\/wp-json\/wp\/v2\/posts"}],"about":[{"href":"https:\/\/bigycb.cz\/bigy\/wp-json\/wp\/v2\/types\/post"}],"author":[{"embeddable":true,"href":"https:\/\/bigycb.cz\/bigy\/wp-json\/wp\/v2\/users\/1"}],"replies":[{"embeddable":true,"href":"https:\/\/bigycb.cz\/bigy\/wp-json\/wp\/v2\/comments?post=4477"}],"version-history":[{"count":1,"href":"https:\/\/bigycb.cz\/bigy\/wp-json\/wp\/v2\/posts\/4477\/revisions"}],"predecessor-version":[{"id":4486,"href":"https:\/\/bigycb.cz\/bigy\/wp-json\/wp\/v2\/posts\/4477\/revisions\/4486"}],"wp:featuredmedia":[{"embeddable":true,"href":"https:\/\/bigycb.cz\/bigy\/wp-json\/wp\/v2\/media\/4485"}],"wp:attachment":[{"href":"https:\/\/bigycb.cz\/bigy\/wp-json\/wp\/v2\/media?parent=4477"}],"wp:term":[{"taxonomy":"category","embeddable":true,"href":"https:\/\/bigycb.cz\/bigy\/wp-json\/wp\/v2\/categories?post=4477"},{"taxonomy":"post_tag","embeddable":true,"href":"https:\/\/bigycb.cz\/bigy\/wp-json\/wp\/v2\/tags?post=4477"}],"curies":[{"name":"wp","href":"https:\/\/api.w.org\/{rel}","templated":true}]}}