{"id":4257,"date":"2023-03-27T16:44:41","date_gmt":"2023-03-27T14:44:41","guid":{"rendered":"https:\/\/bigycb.cz\/bigy\/?p=4257"},"modified":"2023-03-27T16:44:49","modified_gmt":"2023-03-27T14:44:49","slug":"uspesne-krajske-kolo-olympiady-ve-spanelstine","status":"publish","type":"post","link":"https:\/\/bigycb.cz\/bigy\/uspesne-krajske-kolo-olympiady-ve-spanelstine\/","title":{"rendered":"\u00dasp\u011b\u0161n\u00e9 krajsk\u00e9 kolo olympi\u00e1dy ve \u0161pan\u011bl\u0161tin\u011b"},"content":{"rendered":"<p>16. b\u0159ezna se konalo krajsk\u00e9 kolo olympi\u00e1dy ve \u0161pan\u011blsk\u00e9m jazyce.<\/p>\n<div>Jako ka\u017ed\u00fd rok i letos se z\u00fa\u010dastnili na\u0161i studenti a vyhr\u00e1li.<\/div>\n<div><\/div>\n<div>Ve II. kategorii S\u0160 z\u00edskal 3. m\u00edsto Jakub Justin ze 6.A\u00a0 a ve III. kategorii obsadily Barbora Nos\u00e1lov\u00e1 1. m\u00edsto a Veronika Podlahov\u00e1 2. m\u00edsto, ob\u011b ze t\u0159\u00eddy 6.E.<\/div>\n<div><\/div>\n<div>V\u0161em v\u00fdherc\u016fm\u00a0 blahop\u0159ejeme a\u00a0 v\u0161em z\u00fa\u010dastn\u011bn\u00edm\u00a0 d\u011bkujeme za reprezantaci\u00a0\u0161koly.<\/div>\n<div>\n<hr \/>\n<p><a href=\"https:\/\/bigycb.cz\/bigy\/wp-content\/uploads\/spain-g6142b8abc_1920.jpg\" rel=\"lightbox[4257]\"><img loading=\"lazy\" decoding=\"async\" class=\"alignnone size-medium wp-image-4258\" src=\"https:\/\/bigycb.cz\/bigy\/wp-content\/uploads\/spain-g6142b8abc_1920-300x174.jpg\" alt=\"\" width=\"300\" height=\"174\" srcset=\"https:\/\/bigycb.cz\/bigy\/wp-content\/uploads\/spain-g6142b8abc_1920-300x174.jpg 300w, https:\/\/bigycb.cz\/bigy\/wp-content\/uploads\/spain-g6142b8abc_1920-1024x594.jpg 1024w, https:\/\/bigycb.cz\/bigy\/wp-content\/uploads\/spain-g6142b8abc_1920-150x87.jpg 150w, https:\/\/bigycb.cz\/bigy\/wp-content\/uploads\/spain-g6142b8abc_1920.jpg 1920w\" sizes=\"auto, (max-width: 300px) 100vw, 300px\" \/><\/a><\/p>\n<\/div>\n","protected":false},"excerpt":{"rendered":"<p>16. b\u0159ezna se konalo krajsk\u00e9 kolo olympi\u00e1dy ve \u0161pan\u011blsk\u00e9m jazyce. Jako ka\u017ed\u00fd rok i letos se z\u00fa\u010dastnili na\u0161i studenti a&nbsp;<a href=\"https:\/\/bigycb.cz\/bigy\/uspesne-krajske-kolo-olympiady-ve-spanelstine\/\">&hellip;<\/a><\/p>\n","protected":false},"author":1,"featured_media":4258,"comment_status":"closed","ping_status":"closed","sticky":false,"template":"","format":"standard","meta":{"footnotes":""},"categories":[30,35],"tags":[],"class_list":["post-4257","post","type-post","status-publish","format-standard","has-post-thumbnail","hentry","category-aktuality","category-uspechy","odd"],"_links":{"self":[{"href":"https:\/\/bigycb.cz\/bigy\/wp-json\/wp\/v2\/posts\/4257","targetHints":{"allow":["GET"]}}],"collection":[{"href":"https:\/\/bigycb.cz\/bigy\/wp-json\/wp\/v2\/posts"}],"about":[{"href":"https:\/\/bigycb.cz\/bigy\/wp-json\/wp\/v2\/types\/post"}],"author":[{"embeddable":true,"href":"https:\/\/bigycb.cz\/bigy\/wp-json\/wp\/v2\/users\/1"}],"replies":[{"embeddable":true,"href":"https:\/\/bigycb.cz\/bigy\/wp-json\/wp\/v2\/comments?post=4257"}],"version-history":[{"count":2,"href":"https:\/\/bigycb.cz\/bigy\/wp-json\/wp\/v2\/posts\/4257\/revisions"}],"predecessor-version":[{"id":4260,"href":"https:\/\/bigycb.cz\/bigy\/wp-json\/wp\/v2\/posts\/4257\/revisions\/4260"}],"wp:featuredmedia":[{"embeddable":true,"href":"https:\/\/bigycb.cz\/bigy\/wp-json\/wp\/v2\/media\/4258"}],"wp:attachment":[{"href":"https:\/\/bigycb.cz\/bigy\/wp-json\/wp\/v2\/media?parent=4257"}],"wp:term":[{"taxonomy":"category","embeddable":true,"href":"https:\/\/bigycb.cz\/bigy\/wp-json\/wp\/v2\/categories?post=4257"},{"taxonomy":"post_tag","embeddable":true,"href":"https:\/\/bigycb.cz\/bigy\/wp-json\/wp\/v2\/tags?post=4257"}],"curies":[{"name":"wp","href":"https:\/\/api.w.org\/{rel}","templated":true}]}}