{"id":4048,"date":"2023-02-19T11:33:21","date_gmt":"2023-02-19T10:33:21","guid":{"rendered":"https:\/\/bigycb.cz\/bigy\/?p=4048"},"modified":"2023-02-19T11:35:18","modified_gmt":"2023-02-19T10:35:18","slug":"uspech-v-olympiade-z-nemciny","status":"publish","type":"post","link":"https:\/\/bigycb.cz\/bigy\/uspech-v-olympiade-z-nemciny\/","title":{"rendered":"\u00dasp\u011bch v olympi\u00e1d\u011b z n\u011bm\u010diny"},"content":{"rendered":"<p style=\"font-weight: 400;\">14.2.2023 prob\u011bhlo okresn\u00ed kolo olympi\u00e1dy v\u00a0n\u011bmeck\u00e9m jazyce. Na\u0161i \u0161kolu reprezentovali studenti ze 2.A. A\u010dkoliv se sout\u011b\u017ee \u00fa\u010dastnili poprv\u00e9, reprezentovali BIGY velmi \u00fasp\u011b\u0161n\u011b.<\/p>\n<p style=\"font-weight: 400;\">Student <strong>Maty\u00e1\u0161 Matou\u0161 <\/strong>obsadil <strong>prvn\u00ed m\u00edsto<\/strong>, jeho spolu\u017ea\u010dka \u2013 studentka <strong>Karin Schlegelov\u00e1<\/strong> obsadila <strong>t\u0159et\u00ed m\u00edsto<\/strong>.<\/p>\n<p style=\"font-weight: 400;\">Student\u016fm blahop\u0159ejeme k\u00a0excelentn\u00edmu v\u00fdkonu a d\u011bkujeme za vzornou reprezentaci \u0161koly.<\/p>\n<p style=\"font-weight: 400;\">Za t\u00fdm vyu\u010duj\u00edc\u00edch n\u011bmeck\u00fd jazyk<\/p>\n<p>Mgr. Dana Jake\u0161ov\u00e1<\/p>\n<p><span style=\"font-weight: 400;\">\u00a0\u00a0\u00a0\u00a0\u00a0\u00a0\u00a0\u00a0\u00a0\u00a0\u00a0\u00a0\u00a0\u00a0\u00a0\u00a0\u00a0\u00a0\u00a0\u00a0\u00a0\u00a0\u00a0\u00a0\u00a0\u00a0\u00a0\u00a0\u00a0\u00a0\u00a0\u00a0\u00a0\u00a0\u00a0\u00a0\u00a0\u00a0\u00a0\u00a0\u00a0\u00a0\u00a0\u00a0\u00a0\u00a0\u00a0\u00a0\u00a0\u00a0\u00a0\u00a0\u00a0\u00a0\u00a0\u00a0\u00a0\u00a0\u00a0\u00a0\u00a0\u00a0\u00a0\u00a0\u00a0\u00a0\u00a0\u00a0\u00a0\u00a0 <\/span><\/p>\n","protected":false},"excerpt":{"rendered":"<p>14.2.2023 prob\u011bhlo okresn\u00ed kolo olympi\u00e1dy v\u00a0n\u011bmeck\u00e9m jazyce. Na\u0161i \u0161kolu reprezentovali studenti ze 2.A. A\u010dkoliv se sout\u011b\u017ee \u00fa\u010dastnili poprv\u00e9, reprezentovali BIGY&nbsp;<a href=\"https:\/\/bigycb.cz\/bigy\/uspech-v-olympiade-z-nemciny\/\">&hellip;<\/a><\/p>\n","protected":false},"author":1,"featured_media":4049,"comment_status":"closed","ping_status":"closed","sticky":false,"template":"","format":"standard","meta":{"footnotes":""},"categories":[30,35],"tags":[],"class_list":["post-4048","post","type-post","status-publish","format-standard","has-post-thumbnail","hentry","category-aktuality","category-uspechy","odd"],"_links":{"self":[{"href":"https:\/\/bigycb.cz\/bigy\/wp-json\/wp\/v2\/posts\/4048","targetHints":{"allow":["GET"]}}],"collection":[{"href":"https:\/\/bigycb.cz\/bigy\/wp-json\/wp\/v2\/posts"}],"about":[{"href":"https:\/\/bigycb.cz\/bigy\/wp-json\/wp\/v2\/types\/post"}],"author":[{"embeddable":true,"href":"https:\/\/bigycb.cz\/bigy\/wp-json\/wp\/v2\/users\/1"}],"replies":[{"embeddable":true,"href":"https:\/\/bigycb.cz\/bigy\/wp-json\/wp\/v2\/comments?post=4048"}],"version-history":[{"count":2,"href":"https:\/\/bigycb.cz\/bigy\/wp-json\/wp\/v2\/posts\/4048\/revisions"}],"predecessor-version":[{"id":4051,"href":"https:\/\/bigycb.cz\/bigy\/wp-json\/wp\/v2\/posts\/4048\/revisions\/4051"}],"wp:featuredmedia":[{"embeddable":true,"href":"https:\/\/bigycb.cz\/bigy\/wp-json\/wp\/v2\/media\/4049"}],"wp:attachment":[{"href":"https:\/\/bigycb.cz\/bigy\/wp-json\/wp\/v2\/media?parent=4048"}],"wp:term":[{"taxonomy":"category","embeddable":true,"href":"https:\/\/bigycb.cz\/bigy\/wp-json\/wp\/v2\/categories?post=4048"},{"taxonomy":"post_tag","embeddable":true,"href":"https:\/\/bigycb.cz\/bigy\/wp-json\/wp\/v2\/tags?post=4048"}],"curies":[{"name":"wp","href":"https:\/\/api.w.org\/{rel}","templated":true}]}}