{"id":3676,"date":"2022-12-11T16:25:40","date_gmt":"2022-12-11T15:25:40","guid":{"rendered":"https:\/\/bigycb.cz\/bigy\/?p=3676"},"modified":"2022-12-11T16:25:40","modified_gmt":"2022-12-11T15:25:40","slug":"vanocne-dejepisna-exkurze-do-solnohradska","status":"publish","type":"post","link":"https:\/\/bigycb.cz\/bigy\/vanocne-dejepisna-exkurze-do-solnohradska\/","title":{"rendered":"V\u00e1no\u010dn\u011b d\u011bjepisn\u00e1 exkurze do Solnohradska"},"content":{"rendered":"<p>Na\u0161e pl\u00e1novan\u00e1 cesta za\u010dala klasicky, ale p\u0159esto s\u00a0velk\u00fdm p\u0159ekvapen\u00edm. Vyjeli jsme 7.12. brzy r\u00e1no, mrzlo a padal sn\u00edh. Prvn\u00ed zast\u00e1vku jsme m\u011bli v<strong>\u00a0Bad Ischlu <\/strong>a tady jsme za\u017eili to nepl\u00e1novan\u00e9 p\u0159ekvapen\u00ed. Kr\u00e1tce p\u0159ed cestou toti\u017e p.u\u010ditelka domluvila prohl\u00eddku c\u00edsa\u0159sk\u00e9 vily s\u00a0doprovodn\u00fdm slovem v\u00a0osob\u011b samotn\u00e9ho Maxmli\u00e1na Habsburga \u2013 posledn\u00edho d\u011bdice tohoto objektu. Dozv\u011bd\u011bli jsme se jak kde\u00a0 jak si u\u017e\u00edvala ob\u010dasn\u00e9 voln\u00e9 chv\u00edle c\u00edsa\u0159ovna Sisi, kde psala sv\u00e9 b\u00e1sn\u011b a l\u00e9\u010dila si zdravotn\u00ed neduhy. Po velmi poutav\u00e9 prohl\u00eddce\u00a0\u00a0 jsme si pro\u0161li m\u011bsto a nevynechali jsme samoz\u0159ejm\u011b proslavenou cukr\u00e1rnu Zauner, kter\u00e1 u\u017e v\u00a019.stolet\u00ed dod\u00e1vala dort\u00edky a pralinky na samotn\u00fd c\u00edsa\u0159sk\u00fd st\u016fl. Opravdu bylo z\u00a0\u010deho vyb\u00edrat \u2013 250 druh\u016f z\u00e1kusk\u016f a 80 druh\u016f pralinek.<\/p>\n<p>Dal\u0161\u00ed zast\u00e1vkou byl romantick\u00fd ostrovn\u00ed z\u00e1me\u010dek<strong> Gmunden, <\/strong>kter\u00fd byl n\u00e1dhern\u011b osv\u00edcen\u00fd. Proto\u017ee jsme byli u\u017e zna\u010dn\u011b promrzl\u00ed, od vody foukal mraziv\u00fd v\u00edtr a ani d\u011btsk\u00fd pun\u010d nepomohl, vydali jsme se na b\u0159eh dal\u0161\u00edho ze solnohradsk\u00fdch jezer, kde jsme m\u011bli p\u0159ipraven\u00e9 v\u00a0hostelu p\u0159\u00edjemn\u00e9 ubytov\u00e1n\u00ed.<\/p>\n<p>Dal\u0161\u00ed den jsme brzy r\u00e1no po sn\u00eddani vyrazili sm\u011br<strong> Salzburg, <\/strong>po cest\u011b jsme se kochali kr\u00e1snou krajinou a \u00fachvatn\u00fdmi skalnat\u00fdmi sout\u011bskami, kter\u00e9 n\u00e1m ve spojen\u00ed se zdej\u0161\u00edmi \u0159ekami p\u0159ipravily opravdu n\u00e1dhern\u00fd z\u00e1\u017eitek. \u010ctvrtek 8.12. jsme v\u011bnovali Salzburgu, jeho barokn\u00edm pam\u00e1tk\u00e1m a n\u011bkte\u0159\u00ed dokonce stihli i zn\u00e1m\u00fd Haus der Natur. V\u00a0Salzburgu asi nikdo jen tak nemine bohat\u00e9 a rozs\u00e1hl\u00e9 v\u00e1no\u010dn\u00ed trhy. I my jsme podlehli, ale st\u00e1lo to opravdu zato, stejn\u011b jako cel\u00e1 v\u00e1no\u010dn\u011b d\u011bjepisn\u00e1 exkurze.<\/p>\n<p>T\u0159\u00eddy 2.N, 1.F a n\u011bmeck\u00e1 \u010d\u00e1st 5.A<\/p>\n<hr \/>\n<p><img loading=\"lazy\" decoding=\"async\" class=\"aligncenter size-large wp-image-3677\" src=\"https:\/\/bigycb.cz\/bigy\/wp-content\/uploads\/van_dej_exkurze-1024x768.jpg\" alt=\"\" width=\"1024\" height=\"768\" srcset=\"https:\/\/bigycb.cz\/bigy\/wp-content\/uploads\/van_dej_exkurze-1024x768.jpg 1024w, https:\/\/bigycb.cz\/bigy\/wp-content\/uploads\/van_dej_exkurze-300x225.jpg 300w, https:\/\/bigycb.cz\/bigy\/wp-content\/uploads\/van_dej_exkurze-150x113.jpg 150w, https:\/\/bigycb.cz\/bigy\/wp-content\/uploads\/van_dej_exkurze.jpg 2048w\" sizes=\"auto, (max-width: 1024px) 100vw, 1024px\" \/><\/p>\n","protected":false},"excerpt":{"rendered":"<p>Na\u0161e pl\u00e1novan\u00e1 cesta za\u010dala klasicky, ale p\u0159esto s\u00a0velk\u00fdm p\u0159ekvapen\u00edm. Vyjeli jsme 7.12. brzy r\u00e1no, mrzlo a padal sn\u00edh. Prvn\u00ed zast\u00e1vku&nbsp;<a href=\"https:\/\/bigycb.cz\/bigy\/vanocne-dejepisna-exkurze-do-solnohradska\/\">&hellip;<\/a><\/p>\n","protected":false},"author":1,"featured_media":3677,"comment_status":"closed","ping_status":"closed","sticky":false,"template":"","format":"standard","meta":{"footnotes":""},"categories":[30],"tags":[],"class_list":["post-3676","post","type-post","status-publish","format-standard","has-post-thumbnail","hentry","category-aktuality","odd"],"_links":{"self":[{"href":"https:\/\/bigycb.cz\/bigy\/wp-json\/wp\/v2\/posts\/3676","targetHints":{"allow":["GET"]}}],"collection":[{"href":"https:\/\/bigycb.cz\/bigy\/wp-json\/wp\/v2\/posts"}],"about":[{"href":"https:\/\/bigycb.cz\/bigy\/wp-json\/wp\/v2\/types\/post"}],"author":[{"embeddable":true,"href":"https:\/\/bigycb.cz\/bigy\/wp-json\/wp\/v2\/users\/1"}],"replies":[{"embeddable":true,"href":"https:\/\/bigycb.cz\/bigy\/wp-json\/wp\/v2\/comments?post=3676"}],"version-history":[{"count":1,"href":"https:\/\/bigycb.cz\/bigy\/wp-json\/wp\/v2\/posts\/3676\/revisions"}],"predecessor-version":[{"id":3678,"href":"https:\/\/bigycb.cz\/bigy\/wp-json\/wp\/v2\/posts\/3676\/revisions\/3678"}],"wp:featuredmedia":[{"embeddable":true,"href":"https:\/\/bigycb.cz\/bigy\/wp-json\/wp\/v2\/media\/3677"}],"wp:attachment":[{"href":"https:\/\/bigycb.cz\/bigy\/wp-json\/wp\/v2\/media?parent=3676"}],"wp:term":[{"taxonomy":"category","embeddable":true,"href":"https:\/\/bigycb.cz\/bigy\/wp-json\/wp\/v2\/categories?post=3676"},{"taxonomy":"post_tag","embeddable":true,"href":"https:\/\/bigycb.cz\/bigy\/wp-json\/wp\/v2\/tags?post=3676"}],"curies":[{"name":"wp","href":"https:\/\/api.w.org\/{rel}","templated":true}]}}