{"id":3627,"date":"2022-11-23T06:55:28","date_gmt":"2022-11-23T05:55:28","guid":{"rendered":"https:\/\/bigycb.cz\/bigy\/?p=3627"},"modified":"2022-11-23T06:55:28","modified_gmt":"2022-11-23T05:55:28","slug":"sbirka-na-den-valecnych-veteranu","status":"publish","type":"post","link":"https:\/\/bigycb.cz\/bigy\/sbirka-na-den-valecnych-veteranu\/","title":{"rendered":"Sb\u00edrka na Den v\u00e1le\u010dn\u00fdch veter\u00e1n\u016f"},"content":{"rendered":"<p>11. listopadu, kdy se p\u0159ipom\u00edn\u00e1me Den v\u00e1le\u010dn\u00fdch veter\u00e1n\u016f, se na\u0161i studenti vydali do ulic m\u011bsta prod\u00e1vat vl\u010d\u00ed m\u00e1ky \u2013 symboly dne tohoto dne.<\/p>\n<p>Krom\u011b p\u0159\u00edsp\u011bvku do charitativn\u00ed kasi\u010dky bylo mo\u017en\u00e9 p\u0159isp\u011bt rovn\u011b\u017e modern\u00edm zp\u016fsobem rychlou platbou p\u0159es QR k\u00f3d.<\/p>\n\n\t\t<style type=\"text\/css\">\n\t\t\t#gallery-1 {\n\t\t\t\tmargin: auto;\n\t\t\t}\n\t\t\t#gallery-1 .gallery-item {\n\t\t\t\tfloat: left;\n\t\t\t\tmargin-top: 10px;\n\t\t\t\ttext-align: center;\n\t\t\t\twidth: 25%;\n\t\t\t}\n\t\t\t#gallery-1 img {\n\t\t\t\tborder: 2px solid #cfcfcf;\n\t\t\t}\n\t\t\t#gallery-1 .gallery-caption {\n\t\t\t\tmargin-left: 0;\n\t\t\t}\n\t\t\t\/* see gallery_shortcode() in wp-includes\/media.php *\/\n\t\t<\/style>\n\t\t<div id='gallery-1' class='gallery galleryid-3627 gallery-columns-4 gallery-size-thumbnail'><dl class='gallery-item'>\n\t\t\t<dt class='gallery-icon landscape'>\n\t\t\t\t<a href='https:\/\/bigycb.cz\/bigy\/wp-content\/uploads\/314757828_819254019405056_1092440692538262773_n.jpg' rel=\"lightbox[3627]\"><img loading=\"lazy\" decoding=\"async\" width=\"150\" height=\"150\" src=\"https:\/\/bigycb.cz\/bigy\/wp-content\/uploads\/314757828_819254019405056_1092440692538262773_n-150x150.jpg\" class=\"attachment-thumbnail size-thumbnail\" alt=\"\" \/><\/a>\n\t\t\t<\/dt><\/dl><dl class='gallery-item'>\n\t\t\t<dt class='gallery-icon landscape'>\n\t\t\t\t<a href='https:\/\/bigycb.cz\/bigy\/wp-content\/uploads\/DSC_0122.jpg' rel=\"lightbox[3627]\"><img loading=\"lazy\" decoding=\"async\" width=\"150\" height=\"150\" src=\"https:\/\/bigycb.cz\/bigy\/wp-content\/uploads\/DSC_0122-150x150.jpg\" class=\"attachment-thumbnail size-thumbnail\" alt=\"\" \/><\/a>\n\t\t\t<\/dt><\/dl><dl class='gallery-item'>\n\t\t\t<dt class='gallery-icon landscape'>\n\t\t\t\t<a href='https:\/\/bigycb.cz\/bigy\/wp-content\/uploads\/DSC_0136-1.jpg' rel=\"lightbox[3627]\"><img loading=\"lazy\" decoding=\"async\" width=\"150\" height=\"150\" src=\"https:\/\/bigycb.cz\/bigy\/wp-content\/uploads\/DSC_0136-1-150x150.jpg\" class=\"attachment-thumbnail size-thumbnail\" alt=\"\" \/><\/a>\n\t\t\t<\/dt><\/dl><dl class='gallery-item'>\n\t\t\t<dt class='gallery-icon landscape'>\n\t\t\t\t<a href='https:\/\/bigycb.cz\/bigy\/wp-content\/uploads\/DSC_0138.jpg' rel=\"lightbox[3627]\"><img loading=\"lazy\" decoding=\"async\" width=\"150\" height=\"150\" src=\"https:\/\/bigycb.cz\/bigy\/wp-content\/uploads\/DSC_0138-150x150.jpg\" class=\"attachment-thumbnail size-thumbnail\" alt=\"\" \/><\/a>\n\t\t\t<\/dt><\/dl><br style=\"clear: both\" \/>\n\t\t<\/div>\n\n","protected":false},"excerpt":{"rendered":"<p>11. listopadu, kdy se p\u0159ipom\u00edn\u00e1me Den v\u00e1le\u010dn\u00fdch veter\u00e1n\u016f, se na\u0161i studenti vydali do ulic m\u011bsta prod\u00e1vat vl\u010d\u00ed m\u00e1ky \u2013 symboly&nbsp;<a href=\"https:\/\/bigycb.cz\/bigy\/sbirka-na-den-valecnych-veteranu\/\">&hellip;<\/a><\/p>\n","protected":false},"author":1,"featured_media":3629,"comment_status":"closed","ping_status":"closed","sticky":false,"template":"","format":"standard","meta":{"footnotes":""},"categories":[30],"tags":[],"class_list":["post-3627","post","type-post","status-publish","format-standard","has-post-thumbnail","hentry","category-aktuality","odd"],"_links":{"self":[{"href":"https:\/\/bigycb.cz\/bigy\/wp-json\/wp\/v2\/posts\/3627","targetHints":{"allow":["GET"]}}],"collection":[{"href":"https:\/\/bigycb.cz\/bigy\/wp-json\/wp\/v2\/posts"}],"about":[{"href":"https:\/\/bigycb.cz\/bigy\/wp-json\/wp\/v2\/types\/post"}],"author":[{"embeddable":true,"href":"https:\/\/bigycb.cz\/bigy\/wp-json\/wp\/v2\/users\/1"}],"replies":[{"embeddable":true,"href":"https:\/\/bigycb.cz\/bigy\/wp-json\/wp\/v2\/comments?post=3627"}],"version-history":[{"count":1,"href":"https:\/\/bigycb.cz\/bigy\/wp-json\/wp\/v2\/posts\/3627\/revisions"}],"predecessor-version":[{"id":3632,"href":"https:\/\/bigycb.cz\/bigy\/wp-json\/wp\/v2\/posts\/3627\/revisions\/3632"}],"wp:featuredmedia":[{"embeddable":true,"href":"https:\/\/bigycb.cz\/bigy\/wp-json\/wp\/v2\/media\/3629"}],"wp:attachment":[{"href":"https:\/\/bigycb.cz\/bigy\/wp-json\/wp\/v2\/media?parent=3627"}],"wp:term":[{"taxonomy":"category","embeddable":true,"href":"https:\/\/bigycb.cz\/bigy\/wp-json\/wp\/v2\/categories?post=3627"},{"taxonomy":"post_tag","embeddable":true,"href":"https:\/\/bigycb.cz\/bigy\/wp-json\/wp\/v2\/tags?post=3627"}],"curies":[{"name":"wp","href":"https:\/\/api.w.org\/{rel}","templated":true}]}}