{"id":3373,"date":"2022-11-02T18:14:44","date_gmt":"2022-11-02T17:14:44","guid":{"rendered":"https:\/\/bigycb.cz\/bigy\/?p=3373"},"modified":"2022-11-03T10:30:49","modified_gmt":"2022-11-03T09:30:49","slug":"2-c-v-treboni","status":"publish","type":"post","link":"https:\/\/bigycb.cz\/bigy\/2-c-v-treboni\/","title":{"rendered":"2.C v T\u0159eboni"},"content":{"rendered":"<p>V \u00fater\u00fd 18. \u0159\u00edjna jsme se s pan\u00ed u\u010ditelkou Renatou Hesounovou vydali na cestu do T\u0159ebon\u011b. \u010cekala n\u00e1s hned dvoj\u00ed n\u00e1v\u0161t\u011bva &#8211; nejd\u0159\u00edve ve St\u00e1tn\u00edm oblastn\u00edm archivu T\u0159ebo\u0148 a n\u00e1sledn\u011b v samotn\u00e9m \u0161lechtick\u00e9m s\u00eddle. V archivu jsme m\u011bli mo\u017enost sly\u0161et o pr\u00e1ci v t\u00e9to instituci a prohl\u00e9dnout si jak prostory a uspo\u0159\u00e1d\u00e1n\u00ed, kter\u00e9 vymysleli ji\u017e Schwarzenbergov\u00e9, tak prameny star\u00e9 stovky let. Pravd\u011bpodobn\u011b nejpoutav\u011bj\u0161\u00edm z nich byla listina vydan\u00e1 kr\u00e1lem a c\u00edsa\u0159em Karlem IV. v prvn\u00ed polovin\u011b 14. stolet\u00ed.<\/p>\n<p>Po prohl\u00eddce centra a brzk\u00e9m ob\u011bdu p\u0159i\u0161el \u010das na prozkoum\u00e1n\u00ed samotn\u00e9ho z\u00e1mku. Pan\u00ed pr\u016fvodkyn\u011b, jej\u00ed\u017e mluva byla v\u00edce ne\u017e poetick\u00e1, n\u00e1s prov\u00e1d\u011bj\u00edc po osobn\u00edch pokoj\u00edch domu ro\u017embersk\u00e9ho sezn\u00e1mila s histori\u00ed tohoto proslul\u00e9ho jiho\u010desk\u00e9ho \u0161lechtick\u00e9ho rodu V\u00edtkem z Pr\u010dice po\u010d\u00ednaje a Petrem Vokem z Ro\u017emberka kon\u010de. Mnoh\u00e9 jsme se dozv\u011bd\u011bli i o T\u0159eboni a jej\u00edm okol\u00ed D\u011bkujeme pan\u00ed u\u010ditelce za organizaci v\u00fdletu a t\u011b\u0161\u00edme se na dal\u0161\u00ed d\u011bjepisnou exkurzi!<\/p>\n<p>Filip Naumov, 2.C<\/p>\n<p>&nbsp;<\/p>\n\n\t\t<style type=\"text\/css\">\n\t\t\t#gallery-1 {\n\t\t\t\tmargin: auto;\n\t\t\t}\n\t\t\t#gallery-1 .gallery-item {\n\t\t\t\tfloat: left;\n\t\t\t\tmargin-top: 10px;\n\t\t\t\ttext-align: center;\n\t\t\t\twidth: 25%;\n\t\t\t}\n\t\t\t#gallery-1 img {\n\t\t\t\tborder: 2px solid #cfcfcf;\n\t\t\t}\n\t\t\t#gallery-1 .gallery-caption {\n\t\t\t\tmargin-left: 0;\n\t\t\t}\n\t\t\t\/* see gallery_shortcode() in wp-includes\/media.php *\/\n\t\t<\/style>\n\t\t<div id='gallery-1' class='gallery galleryid-3373 gallery-columns-4 gallery-size-thumbnail'><dl class='gallery-item'>\n\t\t\t<dt class='gallery-icon portrait'>\n\t\t\t\t<a href='https:\/\/bigycb.cz\/bigy\/wp-content\/uploads\/IMG_3688-1.jpeg' rel=\"lightbox[3373]\"><img loading=\"lazy\" decoding=\"async\" width=\"150\" height=\"150\" src=\"https:\/\/bigycb.cz\/bigy\/wp-content\/uploads\/IMG_3688-1-150x150.jpeg\" class=\"attachment-thumbnail size-thumbnail\" alt=\"\" \/><\/a>\n\t\t\t<\/dt><\/dl><dl class='gallery-item'>\n\t\t\t<dt class='gallery-icon portrait'>\n\t\t\t\t<a href='https:\/\/bigycb.cz\/bigy\/wp-content\/uploads\/IMG_3701-1.jpeg' rel=\"lightbox[3373]\"><img loading=\"lazy\" decoding=\"async\" width=\"150\" height=\"150\" src=\"https:\/\/bigycb.cz\/bigy\/wp-content\/uploads\/IMG_3701-1-150x150.jpeg\" class=\"attachment-thumbnail size-thumbnail\" alt=\"\" \/><\/a>\n\t\t\t<\/dt><\/dl><dl class='gallery-item'>\n\t\t\t<dt class='gallery-icon landscape'>\n\t\t\t\t<a href='https:\/\/bigycb.cz\/bigy\/wp-content\/uploads\/IMG_3774-1.jpeg' rel=\"lightbox[3373]\"><img loading=\"lazy\" decoding=\"async\" width=\"150\" height=\"150\" src=\"https:\/\/bigycb.cz\/bigy\/wp-content\/uploads\/IMG_3774-1-150x150.jpeg\" class=\"attachment-thumbnail size-thumbnail\" alt=\"\" \/><\/a>\n\t\t\t<\/dt><\/dl><dl class='gallery-item'>\n\t\t\t<dt class='gallery-icon portrait'>\n\t\t\t\t<a href='https:\/\/bigycb.cz\/bigy\/wp-content\/uploads\/IMG_3779-1.jpeg' rel=\"lightbox[3373]\"><img loading=\"lazy\" decoding=\"async\" width=\"150\" height=\"150\" src=\"https:\/\/bigycb.cz\/bigy\/wp-content\/uploads\/IMG_3779-1-150x150.jpeg\" class=\"attachment-thumbnail size-thumbnail\" alt=\"\" \/><\/a>\n\t\t\t<\/dt><\/dl><br style=\"clear: both\" \/>\n\t\t<\/div>\n\n","protected":false},"excerpt":{"rendered":"<p>V \u00fater\u00fd 18. \u0159\u00edjna jsme se s pan\u00ed u\u010ditelkou Renatou Hesounovou vydali na cestu do T\u0159ebon\u011b. \u010cekala n\u00e1s hned dvoj\u00ed&nbsp;<a href=\"https:\/\/bigycb.cz\/bigy\/2-c-v-treboni\/\">&hellip;<\/a><\/p>\n","protected":false},"author":1,"featured_media":3390,"comment_status":"closed","ping_status":"closed","sticky":false,"template":"","format":"standard","meta":{"footnotes":""},"categories":[30],"tags":[],"class_list":["post-3373","post","type-post","status-publish","format-standard","has-post-thumbnail","hentry","category-aktuality","odd"],"_links":{"self":[{"href":"https:\/\/bigycb.cz\/bigy\/wp-json\/wp\/v2\/posts\/3373","targetHints":{"allow":["GET"]}}],"collection":[{"href":"https:\/\/bigycb.cz\/bigy\/wp-json\/wp\/v2\/posts"}],"about":[{"href":"https:\/\/bigycb.cz\/bigy\/wp-json\/wp\/v2\/types\/post"}],"author":[{"embeddable":true,"href":"https:\/\/bigycb.cz\/bigy\/wp-json\/wp\/v2\/users\/1"}],"replies":[{"embeddable":true,"href":"https:\/\/bigycb.cz\/bigy\/wp-json\/wp\/v2\/comments?post=3373"}],"version-history":[{"count":3,"href":"https:\/\/bigycb.cz\/bigy\/wp-json\/wp\/v2\/posts\/3373\/revisions"}],"predecessor-version":[{"id":3471,"href":"https:\/\/bigycb.cz\/bigy\/wp-json\/wp\/v2\/posts\/3373\/revisions\/3471"}],"wp:featuredmedia":[{"embeddable":true,"href":"https:\/\/bigycb.cz\/bigy\/wp-json\/wp\/v2\/media\/3390"}],"wp:attachment":[{"href":"https:\/\/bigycb.cz\/bigy\/wp-json\/wp\/v2\/media?parent=3373"}],"wp:term":[{"taxonomy":"category","embeddable":true,"href":"https:\/\/bigycb.cz\/bigy\/wp-json\/wp\/v2\/categories?post=3373"},{"taxonomy":"post_tag","embeddable":true,"href":"https:\/\/bigycb.cz\/bigy\/wp-json\/wp\/v2\/tags?post=3373"}],"curies":[{"name":"wp","href":"https:\/\/api.w.org\/{rel}","templated":true}]}}