{"id":3263,"date":"2022-10-13T16:10:47","date_gmt":"2022-10-13T14:10:47","guid":{"rendered":"https:\/\/bigycb.cz\/bigy\/?p=3263"},"modified":"2022-10-13T20:54:59","modified_gmt":"2022-10-13T18:54:59","slug":"erasmus-days-na-bigy","status":"publish","type":"post","link":"https:\/\/bigycb.cz\/bigy\/erasmus-days-na-bigy\/","title":{"rendered":"Erasmusdays na Bigy"},"content":{"rendered":"<div class=\"xdj266r x11i5rnm xat24cr x1mh8g0r x1vvkbs x126k92a\">\n<div dir=\"auto\">Z\u00edtra se na na\u0161em gymn\u00e1ziu konaj\u00ed Erasmusdays. Kvalitu v\u00fduky na Bigy zkr\u00e1tka bereme v\u00e1\u017en\u011b, pr\u00e1v\u011b proto vycestovaly des\u00edtky vyu\u010duj\u00edc\u00edch, aby si roz\u0161\u00ed\u0159ily obzory a vylep\u0161ily jazykov\u00e9 dovednosti a z\u00e1rove\u0148 z\u016fstaly v kontaktu s nejnov\u011bj\u0161\u00edmi pedagogick\u00fdmi postupy. O sv\u00e9 zku\u0161enosti s programem Erasmus+ a hlavn\u011b o tom, jak mohou z\u00edskan\u00e9 dovednosti implementovat do v\u00fduky, budou \u00fa\u010dastn\u00edci mluvit v r\u00e1mci diseminace.<\/div>\n<\/div>\n<div class=\"x11i5rnm xat24cr x1mh8g0r x1vvkbs xtlvy1s x126k92a\">\n<div dir=\"auto\">V r\u00e1mci programu Erasmus+ na na\u0161\u00ed \u0161kole intenzivn\u011b pracujeme na skupinov\u00fdch<\/div>\n<div dir=\"auto\">mobilit\u00e1ch \u017e\u00e1k\u016f.<\/div>\n<\/div>\n<div class=\"x11i5rnm xat24cr x1mh8g0r x1vvkbs xtlvy1s x126k92a\">\n<div dir=\"auto\">Budoucnost je otev\u0159ena a na Bigy se sna\u017e\u00edme \u017e\u00e1ky na ni co nejl\u00e9pe p\u0159ipravit.<\/div>\n<div dir=\"auto\"><\/div>\n<div dir=\"auto\"><a href=\"https:\/\/bigycb.cz\/bigy\/wp-content\/uploads\/erasmus-pla\u0301n.png\" rel=\"lightbox[3263]\"><img loading=\"lazy\" decoding=\"async\" class=\"aligncenter wp-image-3264 size-large\" src=\"https:\/\/bigycb.cz\/bigy\/wp-content\/uploads\/erasmus-pla\u0301n-1024x546.png\" alt=\"\" width=\"1024\" height=\"546\" srcset=\"https:\/\/bigycb.cz\/bigy\/wp-content\/uploads\/erasmus-pla\u0301n-1024x546.png 1024w, https:\/\/bigycb.cz\/bigy\/wp-content\/uploads\/erasmus-pla\u0301n-300x160.png 300w, https:\/\/bigycb.cz\/bigy\/wp-content\/uploads\/erasmus-pla\u0301n-150x80.png 150w, https:\/\/bigycb.cz\/bigy\/wp-content\/uploads\/erasmus-pla\u0301n.png 1758w\" sizes=\"auto, (max-width: 1024px) 100vw, 1024px\" \/><\/a><\/div>\n<\/div>\n","protected":false},"excerpt":{"rendered":"<p>Z\u00edtra se na na\u0161em gymn\u00e1ziu konaj\u00ed Erasmusdays. Kvalitu v\u00fduky na Bigy zkr\u00e1tka bereme v\u00e1\u017en\u011b, pr\u00e1v\u011b proto vycestovaly des\u00edtky vyu\u010duj\u00edc\u00edch, aby&nbsp;<a href=\"https:\/\/bigycb.cz\/bigy\/erasmus-days-na-bigy\/\">&hellip;<\/a><\/p>\n","protected":false},"author":1,"featured_media":3264,"comment_status":"closed","ping_status":"closed","sticky":false,"template":"","format":"standard","meta":{"footnotes":""},"categories":[30],"tags":[],"class_list":["post-3263","post","type-post","status-publish","format-standard","has-post-thumbnail","hentry","category-aktuality","odd"],"_links":{"self":[{"href":"https:\/\/bigycb.cz\/bigy\/wp-json\/wp\/v2\/posts\/3263","targetHints":{"allow":["GET"]}}],"collection":[{"href":"https:\/\/bigycb.cz\/bigy\/wp-json\/wp\/v2\/posts"}],"about":[{"href":"https:\/\/bigycb.cz\/bigy\/wp-json\/wp\/v2\/types\/post"}],"author":[{"embeddable":true,"href":"https:\/\/bigycb.cz\/bigy\/wp-json\/wp\/v2\/users\/1"}],"replies":[{"embeddable":true,"href":"https:\/\/bigycb.cz\/bigy\/wp-json\/wp\/v2\/comments?post=3263"}],"version-history":[{"count":4,"href":"https:\/\/bigycb.cz\/bigy\/wp-json\/wp\/v2\/posts\/3263\/revisions"}],"predecessor-version":[{"id":3269,"href":"https:\/\/bigycb.cz\/bigy\/wp-json\/wp\/v2\/posts\/3263\/revisions\/3269"}],"wp:featuredmedia":[{"embeddable":true,"href":"https:\/\/bigycb.cz\/bigy\/wp-json\/wp\/v2\/media\/3264"}],"wp:attachment":[{"href":"https:\/\/bigycb.cz\/bigy\/wp-json\/wp\/v2\/media?parent=3263"}],"wp:term":[{"taxonomy":"category","embeddable":true,"href":"https:\/\/bigycb.cz\/bigy\/wp-json\/wp\/v2\/categories?post=3263"},{"taxonomy":"post_tag","embeddable":true,"href":"https:\/\/bigycb.cz\/bigy\/wp-json\/wp\/v2\/tags?post=3263"}],"curies":[{"name":"wp","href":"https:\/\/api.w.org\/{rel}","templated":true}]}}