{"id":3121,"date":"2022-10-12T06:43:45","date_gmt":"2022-10-12T04:43:45","guid":{"rendered":"https:\/\/bigycb.cz\/bigy\/?p=3121"},"modified":"2022-10-12T06:46:23","modified_gmt":"2022-10-12T04:46:23","slug":"turisticky-kurz-v-tatrach","status":"publish","type":"post","link":"https:\/\/bigycb.cz\/bigy\/turisticky-kurz-v-tatrach\/","title":{"rendered":"Turistick\u00fd kurz v Tatr\u00e1ch"},"content":{"rendered":"<div>\n<p>Hned prvn\u00ed t\u00fdden po pr\u00e1zdnin\u00e1ch se t\u0159\u00eddy 2.C, 4.E a 6.A vypravily na turistick\u00fd kurz do Vysok\u00fdch Tater, p\u0159esn\u011bji do Tatransk\u00e9 Lomnice. Vyj\u00ed\u017ed\u011blo se v sobotu hned za rozb\u0159esku, a jelo se cel\u00fd den. Na m\u00edsto jsme dorazili akor\u00e1t na ve\u010de\u0159i.<\/p>\n<p>Hned v ned\u011bli jsme se vypravili do Slovensk\u00e9ho R\u00e1je na prvn\u00ed v\u00fdlet. \u0160lo se okruhovou trasou na Kl\u00e1\u0161torisko a Letanovk\u00fd ml\u00fdn p\u0159es Suchou Belou. Cestou jsme museli p\u0159ekonat v\u0161elicos, od vratk\u00fdch d\u0159ev\u011bn\u00fdch \u201cmost\u016f\u201d, p\u0159es vysok\u00e9 \u017eeb\u0159\u00edky, a\u017e po visut\u00e9 plo\u0161iny. Za tu naprosto n\u00e1dhernou p\u0159\u00edrodu doslova v\u0161ude kolem n\u00e1s to ale st\u00e1lo. B\u011bhem pauzy na ob\u011bd jsme je\u0161t\u011b absolvovali prohl\u00eddku z\u0159\u00edceniny m\u00edstn\u00edho kostela.<\/p>\n<p>V pond\u011bl\u00ed n\u00e1s \u010dekal v\u00fd\u0161lap na Kriv\u00e1\u0148, n\u00e1rodn\u00ed horu Slovenska, z m\u00e9ho pohledu st\u011b\u017eejn\u00ed v\u00fdlet cel\u00e9ho kurzu. Tuto variantu si vybrala drtiv\u00e1 v\u011bt\u0161ina lid\u00ed, l\u00e1kadlo zdol\u00e1n\u00ed samotn\u00e9 n\u00e1rodn\u00ed hory bylo vskutku velik\u00e9. N\u011bkdo si ale vybral i jednodu\u0161\u0161\u00ed trasu, kterou byla Bystr\u00e1 l\u00e1vka a vodop\u00e1d Skok. Na parkovi\u0161ti jsme v\u0161ichni byli nat\u011b\u0161en\u00ed a p\u0159ipraveni zd\u00e1nliv\u011b na v\u0161echno. Co za\u010dalo jako \u201cpohodov\u00e9\u201d stoup\u00e1n\u00ed se b\u011bhem n\u011bkolika moment\u016f naprosto zvrtlo, a u n\u011bkter\u00fdch nastal i boj o hol\u00fd \u017eivot. Po cest\u011b na vrchol jsme je\u0161t\u011b zav\u00edtali na \u0160trbsk\u00e9 Pleso. Cel\u00e1 cesta byla dlouh\u00e1 a opravdu n\u00e1ro\u010dn\u00e1, i p\u0159esto jsme si ji nesm\u00edrn\u011b u\u017eili. Nechyb\u011blo ani p\u00e1r stra\u0161ideln\u00fdch moment\u016f, zvl\u00e1\u0161t\u011b p\u0159i z\u00e1v\u011bre\u010dn\u00e9m v\u00fdstupu a n\u00e1sledn\u00e9m sestupu, nakonec ale v\u0161ichni celou t\u00faru \u00fasp\u011b\u0161n\u011b absolvovali. Cestou dol\u016f se sice muselo trochu chv\u00e1tat, proto\u017ee n\u00e1m lehce nevy\u0161el \u010das, v\u0161e ale dob\u0159e dopadlo. \ud83d\ude42<\/p>\n<p>V \u00fater\u00fd, kdy u\u017e v\u0161ichni byli dob\u0159e pou\u010deni o tom, co znamen\u00e1, kdy\u017e se \u0159ekne \u201cn\u00e1ro\u010dn\u00e1 t\u00fara\u201d si drtiv\u00e1 v\u011bt\u0161ina vybrala tu leh\u010d\u00ed mo\u017enost, v tomto p\u0159\u00edpad\u011b prohl\u00eddku Vodop\u00e1d\u016f Studen\u00e9ho potoka, a v\u00fd\u0161lap na T\u00e9ryho chatu. Jeden z d\u016fvod\u016f (i pro m\u011b) bylo pro mnoho lid\u00ed i to, \u017ee na T\u00e9ryho chat\u011b se dalo naj\u00edst, co\u017e na t\u00e9 t\u011b\u017e\u0161\u00ed t\u00fa\u0159e, v\u00fd\u0161lapu na Slafkovsk\u00fd \u0160t\u00edt, ne\u0161lo. Cestou tam bylo vesm\u011bs hezk\u00e9 po\u010das\u00ed, cestou zp\u00e1tky se ale zat\u00e1hlo a za\u010dalo docela vcelku vydatn\u011b pr\u0161et. I tak to ov\u0161em za to j\u00eddlo naho\u0159e st\u00e1lo. \ud83d\ude00<\/p>\n<p>Ve st\u0159edu se nejprve \u0161lo na prohl\u00eddku Beliansk\u00e9 jeskyn\u011b, nejv\u011bt\u0161\u00ed a nejkr\u00e1sn\u011bj\u0161\u00ed jeskyn\u011b v Tatransk\u00e9m N\u00e1rodn\u00edm Parku, a pak jsme se op\u011bt rozd\u011blili na dv\u011b skupiny: jedna \u0161la \u201cn\u00e1ro\u010dn\u011bj\u0161\u00ed\u201d trasou nahoru na chatu Plesnivec, a druh\u00e1 \u0161la spodem rovnou na Dolinu Siedmich pramenov &#8211; botanickou zahradu Tater. Nakonec to dopadlo tak, \u017ee ti, co \u0161li na chatu rovnou tam byli s dost velk\u00fdm p\u0159edstihem po m\u00e9n\u011b n\u00e1ro\u010dn\u011bj\u0161\u00ed trase, a ti co cht\u011bli je\u0161t\u011b dodate\u010dn\u011b nahoru z doliny \u0161li, skoro a\u017e b\u011b\u017eeli, daleko hor\u0161\u00ed a t\u011b\u017e\u0161\u00ed trasu. Kdy\u017e jsme j\u00ed pak \u0161li zp\u00e1tky dol\u016f, tak jsme jen udiven\u011b z\u00edrali a \u0159\u00edkali si, jak tohle sakra v\u016fbec u\u0161li. Na chat\u011b jsme ud\u011blali p\u00e1r fakt dobr\u00fdch fotek, v\u010detn\u011b revivalu legend\u00e1rn\u00ed B\u00e1by pod ko\u0159enem. Cestou zp\u00e1tky n\u00e1s zastihla naprost\u00e1 pr\u016ftr\u017e mra\u010den, p\u0159ed kterou n\u00e1s neochr\u00e1nily ani 2 vrstvy nepromokav\u00e9ho materi\u00e1lu. Vr\u00e1tili jsme se naprosto promo\u010den\u00ed a zni\u010den\u00ed, a tak jsme ve\u010der za \u00fa\u010delem \u201crelaxace\u201d rovnou zav\u00edtali do m\u00edstn\u00edho aquaparku.<\/p>\n<p>Ve \u010dtvrtek n\u00e1s \u010dekala z\u00e1v\u011bre\u010dn\u00e1 celodenn\u00ed t\u00fara cel\u00e9ho kurzu. V\u00fd\u0161lap na Svi\u0161\u0165ovku a pak cesta zp\u00e1tky dolinou p\u0159es Skalnat\u00e9 Pleso. Oproti jin\u00fdm dn\u016fm to byla t\u00fara vcelku klidov\u00e1, a nav\u00edc jsme si ji dost zkr\u00e1tili lanovkou. Celou dobu bylo jasno, tak\u017ee po cel\u00e9 cest\u011b n\u00e1s doprov\u00e1zely dechberouc\u00ed v\u00fdhledy. Na chatu n\u00e1s tak\u00e9 hnala touha kone\u010dn\u011b ochutnat prav\u00e9 slovensk\u00e9 halu\u0161ky, kter\u00e9 n\u00e1m sl\u00edbil s\u00e1m Pavel Kasal, a dokonce prohl\u00e1sil, \u017ee jestli tam nebudou, tak n\u00e1s v\u0161echny osobn\u011b pozve na halu\u0161ky doma. No a co se nestalo, p\u0159ijdeme tam &#8211; a halu\u0161ky nikde. Od t\u00e9 doby se k n\u00e1m Pavel u\u017e moc nehl\u00e1sil. Zp\u00e1tky jsme \u0161li n\u00e1dhern\u00fdm \u00fadol\u00edm a pak op\u011bt do kopce zp\u011bt na lanovku.<\/p>\n<p>P\u00e1tek u\u017e byl v\u00edcem\u00e9n\u011b jen o cest\u011b zp\u00e1tky dom\u016f. Cestou jsme je\u0161t\u011b nakoupili suven\u00fdry ve form\u011b v\u0161elijak\u00fdch slovensk\u00fdch pochutin, a kr\u00e1tce se zastavili v Tren\u010diansk\u00fdch Teplic\u00edch. Dom\u016f jsme v\u0161ichni v relativn\u00edm zdrav\u00ed dorazili ve ve\u010dern\u00edch hodin\u00e1ch.<\/p>\n<\/div>\n<div>\n<p>Cel\u00fd kurz byl pod skv\u011bl\u00fdm veden\u00edm pana u\u010ditele Vondr\u00e1ka, a t\u00edmto jemu, ale i v\u0161em ostatn\u00edm u\u010ditel\u016fm a Pavlu Kasalovi moc d\u011bkujeme za \u00fa\u017easn\u00e9 prodlou\u017een\u00ed pr\u00e1zdnin!<\/p>\n<\/div>\n<div><\/div>\n<div>Maty\u00e1\u0161 Barto\u0148<\/div>\n<div><\/div>\n<div><\/div>\n<div><\/div>\n<div>\n\n\t\t<style type=\"text\/css\">\n\t\t\t#gallery-1 {\n\t\t\t\tmargin: auto;\n\t\t\t}\n\t\t\t#gallery-1 .gallery-item {\n\t\t\t\tfloat: left;\n\t\t\t\tmargin-top: 10px;\n\t\t\t\ttext-align: center;\n\t\t\t\twidth: 50%;\n\t\t\t}\n\t\t\t#gallery-1 img {\n\t\t\t\tborder: 2px solid #cfcfcf;\n\t\t\t}\n\t\t\t#gallery-1 .gallery-caption {\n\t\t\t\tmargin-left: 0;\n\t\t\t}\n\t\t\t\/* see gallery_shortcode() in wp-includes\/media.php *\/\n\t\t<\/style>\n\t\t<div id='gallery-1' class='gallery galleryid-3121 gallery-columns-2 gallery-size-thumbnail'><dl class='gallery-item'>\n\t\t\t<dt class='gallery-icon landscape'>\n\t\t\t\t<a href='https:\/\/bigycb.cz\/bigy\/wp-content\/uploads\/image_50423809.jpg' rel=\"lightbox[3121]\"><img loading=\"lazy\" decoding=\"async\" width=\"150\" height=\"150\" src=\"https:\/\/bigycb.cz\/bigy\/wp-content\/uploads\/image_50423809-150x150.jpg\" class=\"attachment-thumbnail size-thumbnail\" alt=\"\" \/><\/a>\n\t\t\t<\/dt><\/dl><dl class='gallery-item'>\n\t\t\t<dt class='gallery-icon landscape'>\n\t\t\t\t<a href='https:\/\/bigycb.cz\/bigy\/wp-content\/uploads\/image_50394113.jpg' rel=\"lightbox[3121]\"><img loading=\"lazy\" decoding=\"async\" width=\"150\" height=\"150\" src=\"https:\/\/bigycb.cz\/bigy\/wp-content\/uploads\/image_50394113-150x150.jpg\" class=\"attachment-thumbnail size-thumbnail\" alt=\"\" \/><\/a>\n\t\t\t<\/dt><\/dl><br style=\"clear: both\" \/>\n\t\t<\/div>\n\n<\/div>\n<div><\/div>\n<div><\/div>\n<div><\/div>\n<div><\/div>\n","protected":false},"excerpt":{"rendered":"<p>Hned prvn\u00ed t\u00fdden po pr\u00e1zdnin\u00e1ch se t\u0159\u00eddy 2.C, 4.E a 6.A vypravily na turistick\u00fd kurz do Vysok\u00fdch Tater, p\u0159esn\u011bji do&nbsp;<a href=\"https:\/\/bigycb.cz\/bigy\/turisticky-kurz-v-tatrach\/\">&hellip;<\/a><\/p>\n","protected":false},"author":1,"featured_media":3122,"comment_status":"closed","ping_status":"closed","sticky":false,"template":"","format":"standard","meta":{"footnotes":""},"categories":[30],"tags":[],"class_list":["post-3121","post","type-post","status-publish","format-standard","has-post-thumbnail","hentry","category-aktuality","odd"],"_links":{"self":[{"href":"https:\/\/bigycb.cz\/bigy\/wp-json\/wp\/v2\/posts\/3121","targetHints":{"allow":["GET"]}}],"collection":[{"href":"https:\/\/bigycb.cz\/bigy\/wp-json\/wp\/v2\/posts"}],"about":[{"href":"https:\/\/bigycb.cz\/bigy\/wp-json\/wp\/v2\/types\/post"}],"author":[{"embeddable":true,"href":"https:\/\/bigycb.cz\/bigy\/wp-json\/wp\/v2\/users\/1"}],"replies":[{"embeddable":true,"href":"https:\/\/bigycb.cz\/bigy\/wp-json\/wp\/v2\/comments?post=3121"}],"version-history":[{"count":4,"href":"https:\/\/bigycb.cz\/bigy\/wp-json\/wp\/v2\/posts\/3121\/revisions"}],"predecessor-version":[{"id":3128,"href":"https:\/\/bigycb.cz\/bigy\/wp-json\/wp\/v2\/posts\/3121\/revisions\/3128"}],"wp:featuredmedia":[{"embeddable":true,"href":"https:\/\/bigycb.cz\/bigy\/wp-json\/wp\/v2\/media\/3122"}],"wp:attachment":[{"href":"https:\/\/bigycb.cz\/bigy\/wp-json\/wp\/v2\/media?parent=3121"}],"wp:term":[{"taxonomy":"category","embeddable":true,"href":"https:\/\/bigycb.cz\/bigy\/wp-json\/wp\/v2\/categories?post=3121"},{"taxonomy":"post_tag","embeddable":true,"href":"https:\/\/bigycb.cz\/bigy\/wp-json\/wp\/v2\/tags?post=3121"}],"curies":[{"name":"wp","href":"https:\/\/api.w.org\/{rel}","templated":true}]}}