{"id":2681,"date":"2022-08-22T07:55:39","date_gmt":"2022-08-22T05:55:39","guid":{"rendered":"https:\/\/bigycb.cz\/bigy\/?p=2681"},"modified":"2022-08-22T08:09:14","modified_gmt":"2022-08-22T06:09:14","slug":"vymenny-pobyt-spanelskeho-biligvniho-studia","status":"publish","type":"post","link":"https:\/\/bigycb.cz\/bigy\/vymenny-pobyt-spanelskeho-biligvniho-studia\/","title":{"rendered":"V\u00fdm\u011bnn\u00fd pobyt \u0161pan\u011blsk\u00e9ho bilingvn\u00edho studia"},"content":{"rendered":"<p>Od 16. do 22. \u010dervna prob\u011bhla prvn\u00ed \u010d\u00e1st v\u00fdm\u011bnn\u00e9ho pobytu mezi studenti 1.E a studenty ze \u0161pan\u011blsk\u00e9 st\u0159edn\u00ed \u0161koly z\u00a0m\u011bsta Talavera de la Reina. Druh\u00e1 \u010d\u00e1st t\u00e9to v\u00fdm\u011bny prob\u011bhne na podzim leto\u0161n\u00edho roku, kdy na\u0161i studenti polet\u00ed na t\u00fddenn\u00ed pobyt do \u0160pan\u011blska a jako \u0161pan\u011bl\u0161t\u00ed studenti budou ubytovan\u00ed v\u00a0rodin\u00e1ch.<\/p>\n<p>Na\u0161i studenti m\u011bli mo\u017enost vyzkou\u0161et komunikovat ve \u0161pan\u011bl\u0161tin\u011b, kterou se u\u010d\u00ed teprve od lo\u0148sk\u00e9ho z\u00e1\u0159\u00ed. V\u0161ichni to zvl\u00e1dli v\u00fdborn\u011b.<\/p>\n<p>Spole\u010dn\u011b se \u0161pan\u011blsk\u00fdmi studenty jsme nav\u0161t\u00edvili Prahu a \u010cesk\u00fd Krumlov, kde jsme krom\u011b prohl\u00eddky m\u011bsta m\u011bli mo\u017enost nav\u0161t\u00edvit podnik Schwan cosmetics, kde se vyr\u00e1b\u00ed kosmetick\u00e9 tu\u017eky v\u0161ech sv\u011btov\u00fdch zna\u010dek.<\/p>\n<p>\u010ce\u0161t\u00ed studenti si pro sv\u00e9 \u0161pan\u011blsk\u00e9 kamar\u00e1dy p\u0159ipravili prohl\u00eddku \u010cesk\u00fdch Bud\u011bjovic ve \u0161pan\u011bl\u0161tin\u011b a samoz\u0159ejm\u011b, \u017ee v\u00a0na\u0161em m\u011bst\u011b nemohla chyb\u011bt n\u00e1v\u0161t\u011bva pivovaru Budvar.<\/p>\n<p>Velk\u00fd ohlas a nad\u0161en\u00ed sklidila n\u00e1v\u0161t\u011bva Pohotovostn\u00edho a eskortn\u00edho odd\u011blen\u00ed krajsk\u00e9ho \u0159editelstv\u00ed policie Jiho\u010desk\u00e9ho kraje, kde jsme m\u011bli mo\u017enost prohl\u00eddky za\u0159\u00edzen\u00ed a byly pro n\u00e1s p\u0159ipraveny i uk\u00e1zky pr\u00e1ce tohoto policejn\u00edho odd\u011blen\u00ed.<\/p>\n<p>\u0160pan\u011bl\u0161t\u00ed studenti se sv\u00fdmi u\u010diteli odj\u00ed\u017ed\u011bli spokojeni a u\u017e se v\u0161ichni t\u011b\u0161\u00edme, a\u017e se za n\u011bkolik m\u011bs\u00edc\u016f op\u011bt uvid\u00edme.<\/p>\n\n\t\t<style type=\"text\/css\">\n\t\t\t#gallery-1 {\n\t\t\t\tmargin: auto;\n\t\t\t}\n\t\t\t#gallery-1 .gallery-item {\n\t\t\t\tfloat: left;\n\t\t\t\tmargin-top: 10px;\n\t\t\t\ttext-align: center;\n\t\t\t\twidth: 33%;\n\t\t\t}\n\t\t\t#gallery-1 img {\n\t\t\t\tborder: 2px solid #cfcfcf;\n\t\t\t}\n\t\t\t#gallery-1 .gallery-caption {\n\t\t\t\tmargin-left: 0;\n\t\t\t}\n\t\t\t\/* see gallery_shortcode() in wp-includes\/media.php *\/\n\t\t<\/style>\n\t\t<div id='gallery-1' class='gallery galleryid-2681 gallery-columns-3 gallery-size-thumbnail'><dl class='gallery-item'>\n\t\t\t<dt class='gallery-icon landscape'>\n\t\t\t\t<a href='https:\/\/bigycb.cz\/bigy\/wp-content\/uploads\/IMG-20220621-WA0013.jpg' rel=\"lightbox[2681]\"><img loading=\"lazy\" decoding=\"async\" width=\"150\" height=\"150\" src=\"https:\/\/bigycb.cz\/bigy\/wp-content\/uploads\/IMG-20220621-WA0013-150x150.jpg\" class=\"attachment-thumbnail size-thumbnail\" alt=\"\" \/><\/a>\n\t\t\t<\/dt><\/dl><dl class='gallery-item'>\n\t\t\t<dt class='gallery-icon portrait'>\n\t\t\t\t<a href='https:\/\/bigycb.cz\/bigy\/wp-content\/uploads\/IMG-20220620-WA0000.jpg' rel=\"lightbox[2681]\"><img loading=\"lazy\" decoding=\"async\" width=\"150\" height=\"150\" src=\"https:\/\/bigycb.cz\/bigy\/wp-content\/uploads\/IMG-20220620-WA0000-150x150.jpg\" class=\"attachment-thumbnail size-thumbnail\" alt=\"\" \/><\/a>\n\t\t\t<\/dt><\/dl><dl class='gallery-item'>\n\t\t\t<dt class='gallery-icon landscape'>\n\t\t\t\t<a href='https:\/\/bigycb.cz\/bigy\/wp-content\/uploads\/20220620_140100.jpg' rel=\"lightbox[2681]\"><img loading=\"lazy\" decoding=\"async\" width=\"150\" height=\"150\" src=\"https:\/\/bigycb.cz\/bigy\/wp-content\/uploads\/20220620_140100-150x150.jpg\" class=\"attachment-thumbnail size-thumbnail\" alt=\"\" \/><\/a>\n\t\t\t<\/dt><\/dl><br style=\"clear: both\" \/>\n\t\t<\/div>\n\n","protected":false},"excerpt":{"rendered":"<p>Od 16. do 22. \u010dervna prob\u011bhla prvn\u00ed \u010d\u00e1st v\u00fdm\u011bnn\u00e9ho pobytu mezi studenti 1.E a studenty ze \u0161pan\u011blsk\u00e9 st\u0159edn\u00ed \u0161koly z\u00a0m\u011bsta&nbsp;<a href=\"https:\/\/bigycb.cz\/bigy\/vymenny-pobyt-spanelskeho-biligvniho-studia\/\">&hellip;<\/a><\/p>\n","protected":false},"author":1,"featured_media":2684,"comment_status":"closed","ping_status":"closed","sticky":false,"template":"","format":"standard","meta":{"footnotes":""},"categories":[30],"tags":[],"class_list":["post-2681","post","type-post","status-publish","format-standard","has-post-thumbnail","hentry","category-aktuality","odd"],"_links":{"self":[{"href":"https:\/\/bigycb.cz\/bigy\/wp-json\/wp\/v2\/posts\/2681","targetHints":{"allow":["GET"]}}],"collection":[{"href":"https:\/\/bigycb.cz\/bigy\/wp-json\/wp\/v2\/posts"}],"about":[{"href":"https:\/\/bigycb.cz\/bigy\/wp-json\/wp\/v2\/types\/post"}],"author":[{"embeddable":true,"href":"https:\/\/bigycb.cz\/bigy\/wp-json\/wp\/v2\/users\/1"}],"replies":[{"embeddable":true,"href":"https:\/\/bigycb.cz\/bigy\/wp-json\/wp\/v2\/comments?post=2681"}],"version-history":[{"count":4,"href":"https:\/\/bigycb.cz\/bigy\/wp-json\/wp\/v2\/posts\/2681\/revisions"}],"predecessor-version":[{"id":2689,"href":"https:\/\/bigycb.cz\/bigy\/wp-json\/wp\/v2\/posts\/2681\/revisions\/2689"}],"wp:featuredmedia":[{"embeddable":true,"href":"https:\/\/bigycb.cz\/bigy\/wp-json\/wp\/v2\/media\/2684"}],"wp:attachment":[{"href":"https:\/\/bigycb.cz\/bigy\/wp-json\/wp\/v2\/media?parent=2681"}],"wp:term":[{"taxonomy":"category","embeddable":true,"href":"https:\/\/bigycb.cz\/bigy\/wp-json\/wp\/v2\/categories?post=2681"},{"taxonomy":"post_tag","embeddable":true,"href":"https:\/\/bigycb.cz\/bigy\/wp-json\/wp\/v2\/tags?post=2681"}],"curies":[{"name":"wp","href":"https:\/\/api.w.org\/{rel}","templated":true}]}}