{"id":2516,"date":"2022-07-31T16:17:55","date_gmt":"2022-07-31T14:17:55","guid":{"rendered":"https:\/\/bigycb.cz\/bigy\/?p=2516"},"modified":"2022-07-31T16:17:55","modified_gmt":"2022-07-31T14:17:55","slug":"oslavy-30-let-romanistiky-na-ff-ju-2","status":"publish","type":"post","link":"https:\/\/bigycb.cz\/bigy\/oslavy-30-let-romanistiky-na-ff-ju-2\/","title":{"rendered":"Oslavy 30 let romanistiky na FF JU"},"content":{"rendered":"<p>Dal\u0161\u00ed p\u0159edpr\u00e1zdninovou akc\u00ed, kter\u00e9 se studenti \u0161pan\u011blsk\u00e9 bilingvy z\u00a05.E a studenti francouz\u0161tiny z\u00fa\u010dastnili oslav 30. v\u00fdro\u010d\u00ed romanistiky na \u00a0FF JU na stejnojmenn\u00e9m \u00fastavu.<\/p>\n<p>Pro n\u00e1v\u0161t\u011bvn\u00edky t\u011bchto oslav bylo p\u0159ipraveno vyu\u010duj\u00edc\u00edmi, rodil\u00fdmi mluv\u010d\u00edmi a studenty z\u00a0\u00fastavu romanistiky z\u00e1bavn\u00e9 dopoledne s\u00a0r\u016fzn\u00fdmi aktivitami ve \u0161pan\u011bl\u0161tin\u011b, francouz\u0161tin\u011b a ital\u0161tin\u011b &#8211; jazyky, kter\u00e9 je mo\u017en\u00e9 studovat na FF JCU.<\/p>\n<p>Tak\u00e9 bylo mo\u017en\u00e9 zhl\u00e9dnout v\u00fdstavu mapuj\u00edc\u00ed 30 let jiho\u010desk\u00e9 romanistiky \u010di nav\u0161t\u00edvit \u201eRomanistick\u00e9 kino\u201c, kter\u00e9 p\u0159edstavilo v\u011bdeckou pr\u00e1ci a popul\u00e1rn\u011b nau\u010dn\u00e1 videa. Nakonec se konala beseda s\u00a0vyu\u010duj\u00edc\u00edmi a studenty romanistiky, mezi kter\u00fdmi byli i na\u0161i b\u00fdval\u00ed studenti \u0161pan\u011blsk\u00e9 bilingvy.<\/p>\n<p><a href=\"https:\/\/bigycb.cz\/bigy\/wp-content\/uploads\/20220610_105020.jpg\" rel=\"lightbox[2516]\"><img loading=\"lazy\" decoding=\"async\" class=\"aligncenter size-large wp-image-2518\" src=\"https:\/\/bigycb.cz\/bigy\/wp-content\/uploads\/20220610_105020-1024x576.jpg\" alt=\"\" width=\"1024\" height=\"576\" srcset=\"https:\/\/bigycb.cz\/bigy\/wp-content\/uploads\/20220610_105020-1024x576.jpg 1024w, https:\/\/bigycb.cz\/bigy\/wp-content\/uploads\/20220610_105020-300x169.jpg 300w, https:\/\/bigycb.cz\/bigy\/wp-content\/uploads\/20220610_105020.jpg 1280w\" sizes=\"auto, (max-width: 1024px) 100vw, 1024px\" \/><\/a><\/p>\n<p>&nbsp;<\/p>\n","protected":false},"excerpt":{"rendered":"<p>Dal\u0161\u00ed p\u0159edpr\u00e1zdninovou akc\u00ed, kter\u00e9 se studenti \u0161pan\u011blsk\u00e9 bilingvy z\u00a05.E a studenti francouz\u0161tiny z\u00fa\u010dastnili oslav 30. v\u00fdro\u010d\u00ed romanistiky na \u00a0FF JU&nbsp;<a href=\"https:\/\/bigycb.cz\/bigy\/oslavy-30-let-romanistiky-na-ff-ju-2\/\">&hellip;<\/a><\/p>\n","protected":false},"author":1,"featured_media":2517,"comment_status":"closed","ping_status":"closed","sticky":false,"template":"","format":"standard","meta":{"footnotes":""},"categories":[30],"tags":[],"class_list":["post-2516","post","type-post","status-publish","format-standard","has-post-thumbnail","hentry","category-aktuality","odd"],"_links":{"self":[{"href":"https:\/\/bigycb.cz\/bigy\/wp-json\/wp\/v2\/posts\/2516","targetHints":{"allow":["GET"]}}],"collection":[{"href":"https:\/\/bigycb.cz\/bigy\/wp-json\/wp\/v2\/posts"}],"about":[{"href":"https:\/\/bigycb.cz\/bigy\/wp-json\/wp\/v2\/types\/post"}],"author":[{"embeddable":true,"href":"https:\/\/bigycb.cz\/bigy\/wp-json\/wp\/v2\/users\/1"}],"replies":[{"embeddable":true,"href":"https:\/\/bigycb.cz\/bigy\/wp-json\/wp\/v2\/comments?post=2516"}],"version-history":[{"count":1,"href":"https:\/\/bigycb.cz\/bigy\/wp-json\/wp\/v2\/posts\/2516\/revisions"}],"predecessor-version":[{"id":2519,"href":"https:\/\/bigycb.cz\/bigy\/wp-json\/wp\/v2\/posts\/2516\/revisions\/2519"}],"wp:featuredmedia":[{"embeddable":true,"href":"https:\/\/bigycb.cz\/bigy\/wp-json\/wp\/v2\/media\/2517"}],"wp:attachment":[{"href":"https:\/\/bigycb.cz\/bigy\/wp-json\/wp\/v2\/media?parent=2516"}],"wp:term":[{"taxonomy":"category","embeddable":true,"href":"https:\/\/bigycb.cz\/bigy\/wp-json\/wp\/v2\/categories?post=2516"},{"taxonomy":"post_tag","embeddable":true,"href":"https:\/\/bigycb.cz\/bigy\/wp-json\/wp\/v2\/tags?post=2516"}],"curies":[{"name":"wp","href":"https:\/\/api.w.org\/{rel}","templated":true}]}}