{"id":2491,"date":"2022-07-27T06:53:44","date_gmt":"2022-07-27T04:53:44","guid":{"rendered":"https:\/\/bigycb.cz\/bigy\/?p=2491"},"modified":"2022-07-27T06:53:44","modified_gmt":"2022-07-27T04:53:44","slug":"chorvatska-lanterna-privitala-zaky-bigy","status":"publish","type":"post","link":"https:\/\/bigycb.cz\/bigy\/chorvatska-lanterna-privitala-zaky-bigy\/","title":{"rendered":"Chorvatsk\u00e1 Lanterna p\u0159iv\u00edtala \u017e\u00e1ky Bigy"},"content":{"rendered":"<p>Jen st\u011b\u017e\u00ed si lze p\u0159edstavit lep\u0161\u00ed zakon\u010den\u00ed \u0161koln\u00edho roku ne\u017e pobyt na proslun\u011bn\u00e9 Istrii. Pr\u00e1v\u011b to se letos po\u0161t\u011bstilo \u017e\u00e1k\u016fm Biskupsk\u00e9ho gymn\u00e1zia ze t\u0159\u00edd 7.A, 5.N, 5.E a 3.C, kte\u0159\u00ed m\u011bli mo\u017enost str\u00e1vit cel\u00fd t\u00fdden od p\u00e1tku 10.6. do soboty 18.6. v komplexu Lanterna, jen\u017e se nach\u00e1z\u00ed p\u00e1r kilometr\u016f od chorvatsk\u00e9ho m\u011bsta Pore\u010d. T\u00e9m\u011b\u0159 ka\u017ed\u00e9 dopoledne se neslo ve znamen\u00ed cyklov\u00fdlet\u016f do okol\u00ed, kde bylo rozhodn\u011b co obdivovat. Vedle pozn\u00e1v\u00e1n\u00ed n\u00e1dhern\u00fdch m\u011bst jako jsou Pore\u010d \u010di \u010cervar-Porat si na sv\u00e9 museli p\u0159ij\u00edt i biologi\u010dt\u00ed nad\u0161enci p\u0159i n\u00e1v\u0161t\u011bv\u011b jeskyn\u011b Baredine, kter\u00e1 se py\u0161n\u00ed endemitick\u00fdm druhem oboj\u017eiveln\u00edka naz\u00fdvan\u00fdm Macar\u00e1t jeskynn\u00ed. Ov\u0161em i v takto nabit\u00e9m programu se v\u017edy na\u0161el \u010das pro odpo\u010dinek na pl\u00e1\u017ei a koup\u00e1n\u00ed v pr\u016fzra\u010dn\u00e9 vod\u011b, p\u0159i\u010dem\u017e se odpoledn\u00ed chorvatsk\u00e9 slunce ani jednou nezdr\u00e1halo uk\u00e1zat svou s\u00edlu. A to ani p\u0159i cest\u011b lod\u00ed, ze kter\u00e9 si v\u011bt\u0161ina p\u0159\u00edtomn\u00fdch odnesla nejen op\u00e1lenou tv\u00e1\u0159, n\u00fdbr\u017e i kr\u00e1sn\u00e9 vzpom\u00ednky na m\u011bsto Rovinj a azurov\u00e9 vody Limsk\u00e9ho fjordu. Ve\u010dery v Lantern\u011b se nesly ve znamen\u00ed sbli\u017eov\u00e1n\u00ed, a\u0165 u\u017e ve form\u011b skupinov\u00fdch her pod veden\u00edm spiritu\u00e1la Vojty Bla\u017eka, nebo v podob\u011b mezit\u0159\u00eddn\u00edho beach volejbalov\u00e9ho turnaje. Tohle v\u0161echno p\u0159isp\u011blo k rozvoji uvoln\u011bn\u00e9 a p\u0159\u00e1telsk\u00e9 atmosf\u00e9ry, v jej\u00edm\u017e duchu se nesl cel\u00fd pobyt. S nov\u00fdmi i star\u00fdmi p\u0159\u00e1teli m\u011bli \u017e\u00e1ci mo\u017enost pro\u017e\u00edt kouzeln\u00e9 okam\u017eiky, jako byla m\u0161e u mo\u0159e p\u0159i z\u00e1padu slunce \u010di rann\u00ed koup\u00e1n\u00ed p\u0159i jeho v\u00fdchodu. Gastronomickou te\u010dkou na z\u00e1v\u011br se stala spole\u010dn\u00e1 ve\u010de\u0159e t\u0159\u00edd s jejich t\u0159\u00eddn\u00edmi u\u010diteli, kde byl prostor pro p\u0159\u00edjemnou konverzaci p\u0159i degustaci m\u00edstn\u00edch mo\u0159sk\u00fdch plod\u016f.<\/p>\n<p>Na z\u00e1v\u011br v\u011b\u0159\u00edm, \u017ee mohu mluvit za v\u0161echny z\u00fa\u010dastn\u011bn\u00e9 studenty, kdy\u017e projev\u00edm obrovsk\u00fd d\u00edk v\u0161em kantor\u016fm, kte\u0159\u00ed se s n\u00e1mi pobytu v Chorvatsku z\u00fa\u010dastnili. Jen d\u00edky jejich vst\u0159\u00edcnosti a nasazen\u00ed n\u00e1m bylo umo\u017en\u011bno pro\u017e\u00edt nezapomenuteln\u00fd t\u00fdden, jeho\u017e atmosf\u00e9ru si, pevn\u011b v\u011b\u0159\u00edm, uchov\u00e1me v srdci nav\u017edy.<\/p>\n<p>Hana Rusov\u00e1, 7.A<\/p>\n\n\t\t<style type=\"text\/css\">\n\t\t\t#gallery-1 {\n\t\t\t\tmargin: auto;\n\t\t\t}\n\t\t\t#gallery-1 .gallery-item {\n\t\t\t\tfloat: left;\n\t\t\t\tmargin-top: 10px;\n\t\t\t\ttext-align: center;\n\t\t\t\twidth: 25%;\n\t\t\t}\n\t\t\t#gallery-1 img {\n\t\t\t\tborder: 2px solid #cfcfcf;\n\t\t\t}\n\t\t\t#gallery-1 .gallery-caption {\n\t\t\t\tmargin-left: 0;\n\t\t\t}\n\t\t\t\/* see gallery_shortcode() in wp-includes\/media.php *\/\n\t\t<\/style>\n\t\t<div id='gallery-1' class='gallery galleryid-2491 gallery-columns-4 gallery-size-thumbnail'><dl class='gallery-item'>\n\t\t\t<dt class='gallery-icon landscape'>\n\t\t\t\t<a href='https:\/\/bigycb.cz\/bigy\/wp-content\/uploads\/WhatsApp-Image-2022-06-21-at-07.39.24-2.jpeg' rel=\"lightbox[2491]\"><img loading=\"lazy\" decoding=\"async\" width=\"150\" height=\"150\" src=\"https:\/\/bigycb.cz\/bigy\/wp-content\/uploads\/WhatsApp-Image-2022-06-21-at-07.39.24-2-150x150.jpeg\" class=\"attachment-thumbnail size-thumbnail\" alt=\"\" \/><\/a>\n\t\t\t<\/dt><\/dl><dl class='gallery-item'>\n\t\t\t<dt class='gallery-icon portrait'>\n\t\t\t\t<a href='https:\/\/bigycb.cz\/bigy\/wp-content\/uploads\/WhatsApp-Image-2022-06-21-at-07.39.23-1.jpeg' rel=\"lightbox[2491]\"><img loading=\"lazy\" decoding=\"async\" width=\"150\" height=\"150\" src=\"https:\/\/bigycb.cz\/bigy\/wp-content\/uploads\/WhatsApp-Image-2022-06-21-at-07.39.23-1-150x150.jpeg\" class=\"attachment-thumbnail size-thumbnail\" alt=\"\" \/><\/a>\n\t\t\t<\/dt><\/dl><dl class='gallery-item'>\n\t\t\t<dt class='gallery-icon landscape'>\n\t\t\t\t<a href='https:\/\/bigycb.cz\/bigy\/wp-content\/uploads\/WhatsApp-Image-2022-06-21-at-07.39.22-2.jpeg' rel=\"lightbox[2491]\"><img loading=\"lazy\" decoding=\"async\" width=\"150\" height=\"150\" src=\"https:\/\/bigycb.cz\/bigy\/wp-content\/uploads\/WhatsApp-Image-2022-06-21-at-07.39.22-2-150x150.jpeg\" class=\"attachment-thumbnail size-thumbnail\" alt=\"\" \/><\/a>\n\t\t\t<\/dt><\/dl><dl class='gallery-item'>\n\t\t\t<dt class='gallery-icon portrait'>\n\t\t\t\t<a href='https:\/\/bigycb.cz\/bigy\/wp-content\/uploads\/WhatsApp-Image-2022-06-21-at-07.39.21-2.jpeg' rel=\"lightbox[2491]\"><img loading=\"lazy\" decoding=\"async\" width=\"150\" height=\"150\" src=\"https:\/\/bigycb.cz\/bigy\/wp-content\/uploads\/WhatsApp-Image-2022-06-21-at-07.39.21-2-150x150.jpeg\" class=\"attachment-thumbnail size-thumbnail\" alt=\"\" \/><\/a>\n\t\t\t<\/dt><\/dl><br style=\"clear: both\" \/><dl class='gallery-item'>\n\t\t\t<dt class='gallery-icon portrait'>\n\t\t\t\t<a href='https:\/\/bigycb.cz\/bigy\/wp-content\/uploads\/WhatsApp-Image-2022-06-21-at-07.39.21-1-1.jpeg' rel=\"lightbox[2491]\"><img loading=\"lazy\" decoding=\"async\" width=\"150\" height=\"150\" src=\"https:\/\/bigycb.cz\/bigy\/wp-content\/uploads\/WhatsApp-Image-2022-06-21-at-07.39.21-1-1-150x150.jpeg\" class=\"attachment-thumbnail size-thumbnail\" alt=\"\" \/><\/a>\n\t\t\t<\/dt><\/dl><dl class='gallery-item'>\n\t\t\t<dt class='gallery-icon landscape'>\n\t\t\t\t<a href='https:\/\/bigycb.cz\/bigy\/wp-content\/uploads\/WhatsApp-Image-2022-06-21-at-07.39.20-1.jpeg' rel=\"lightbox[2491]\"><img loading=\"lazy\" decoding=\"async\" width=\"150\" height=\"150\" src=\"https:\/\/bigycb.cz\/bigy\/wp-content\/uploads\/WhatsApp-Image-2022-06-21-at-07.39.20-1-150x150.jpeg\" class=\"attachment-thumbnail size-thumbnail\" alt=\"\" \/><\/a>\n\t\t\t<\/dt><\/dl><dl class='gallery-item'>\n\t\t\t<dt class='gallery-icon landscape'>\n\t\t\t\t<a href='https:\/\/bigycb.cz\/bigy\/wp-content\/uploads\/chorvatsko-3-1.jpg' rel=\"lightbox[2491]\"><img loading=\"lazy\" decoding=\"async\" width=\"150\" height=\"150\" src=\"https:\/\/bigycb.cz\/bigy\/wp-content\/uploads\/chorvatsko-3-1-150x150.jpg\" class=\"attachment-thumbnail size-thumbnail\" alt=\"\" \/><\/a>\n\t\t\t<\/dt><\/dl><dl class='gallery-item'>\n\t\t\t<dt class='gallery-icon portrait'>\n\t\t\t\t<a href='https:\/\/bigycb.cz\/bigy\/wp-content\/uploads\/WhatsApp-Image-2022-06-21-at-07.39.22-1-1.jpeg' rel=\"lightbox[2491]\"><img loading=\"lazy\" decoding=\"async\" width=\"150\" height=\"150\" src=\"https:\/\/bigycb.cz\/bigy\/wp-content\/uploads\/WhatsApp-Image-2022-06-21-at-07.39.22-1-1-150x150.jpeg\" class=\"attachment-thumbnail size-thumbnail\" alt=\"\" \/><\/a>\n\t\t\t<\/dt><\/dl><br style=\"clear: both\" \/>\n\t\t<\/div>\n\n","protected":false},"excerpt":{"rendered":"<p>Jen st\u011b\u017e\u00ed si lze p\u0159edstavit lep\u0161\u00ed zakon\u010den\u00ed \u0161koln\u00edho roku ne\u017e pobyt na proslun\u011bn\u00e9 Istrii. Pr\u00e1v\u011b to se letos po\u0161t\u011bstilo \u017e\u00e1k\u016fm&nbsp;<a href=\"https:\/\/bigycb.cz\/bigy\/chorvatska-lanterna-privitala-zaky-bigy\/\">&hellip;<\/a><\/p>\n","protected":false},"author":1,"featured_media":2492,"comment_status":"closed","ping_status":"closed","sticky":false,"template":"","format":"standard","meta":{"footnotes":""},"categories":[30],"tags":[],"class_list":["post-2491","post","type-post","status-publish","format-standard","has-post-thumbnail","hentry","category-aktuality","odd"],"_links":{"self":[{"href":"https:\/\/bigycb.cz\/bigy\/wp-json\/wp\/v2\/posts\/2491","targetHints":{"allow":["GET"]}}],"collection":[{"href":"https:\/\/bigycb.cz\/bigy\/wp-json\/wp\/v2\/posts"}],"about":[{"href":"https:\/\/bigycb.cz\/bigy\/wp-json\/wp\/v2\/types\/post"}],"author":[{"embeddable":true,"href":"https:\/\/bigycb.cz\/bigy\/wp-json\/wp\/v2\/users\/1"}],"replies":[{"embeddable":true,"href":"https:\/\/bigycb.cz\/bigy\/wp-json\/wp\/v2\/comments?post=2491"}],"version-history":[{"count":2,"href":"https:\/\/bigycb.cz\/bigy\/wp-json\/wp\/v2\/posts\/2491\/revisions"}],"predecessor-version":[{"id":2515,"href":"https:\/\/bigycb.cz\/bigy\/wp-json\/wp\/v2\/posts\/2491\/revisions\/2515"}],"wp:featuredmedia":[{"embeddable":true,"href":"https:\/\/bigycb.cz\/bigy\/wp-json\/wp\/v2\/media\/2492"}],"wp:attachment":[{"href":"https:\/\/bigycb.cz\/bigy\/wp-json\/wp\/v2\/media?parent=2491"}],"wp:term":[{"taxonomy":"category","embeddable":true,"href":"https:\/\/bigycb.cz\/bigy\/wp-json\/wp\/v2\/categories?post=2491"},{"taxonomy":"post_tag","embeddable":true,"href":"https:\/\/bigycb.cz\/bigy\/wp-json\/wp\/v2\/tags?post=2491"}],"curies":[{"name":"wp","href":"https:\/\/api.w.org\/{rel}","templated":true}]}}