{"id":2486,"date":"2022-07-25T08:34:50","date_gmt":"2022-07-25T06:34:50","guid":{"rendered":"https:\/\/bigycb.cz\/bigy\/?p=2486"},"modified":"2022-07-25T08:55:32","modified_gmt":"2022-07-25T06:55:32","slug":"oslavy-30-let-romanistiky-na-ff-ju","status":"publish","type":"post","link":"https:\/\/bigycb.cz\/bigy\/oslavy-30-let-romanistiky-na-ff-ju\/","title":{"rendered":"Oslavy 30 let romanistiky na FF JU"},"content":{"rendered":"<p>V\u00a0p\u00e1tek 10.6. se na Filozofick\u00e9 fakult\u011b Jiho\u010desk\u00e9 univerzity konaly oslavy 30.v\u00fdro\u010d\u00ed zalo\u017een\u00ed \u00dastavu romanistiky. Fakultu nav\u0161t\u00edvily francouzsk\u00e9 poloviny t\u0159\u00edd 4.N, 2.C a t\u0159\u00edda 5.E.<\/p>\n<p>Program ve dvou bloc\u00edch byl opravdu pestr\u00fd, pln\u00fd interaktivn\u00edch her. V\u00a0prvn\u00edm pat\u0159e byla \u0161pan\u011blsk\u00e1 sekce, kde jsme si mohli zahr\u00e1t kv\u00edz o Argentin\u011b, p\u0159i\u0159azovala se latinsk\u00e1 p\u0159\u00edslov\u00ed nebo jsme m\u011bli mo\u017enost poslechnout si mini \u2013 koncert b\u00fdval\u00e9ho studenta fakulty. Ve druh\u00e9m pat\u0159e se v\u0161e t\u00fdkalo francouz\u0161tiny. Na programu byly nap\u0159\u00edklad francouzsk\u00e9 filmy, literatura, historie a tak\u00e9 slep\u00e1 mapa rom\u00e1nsk\u00fdch jazyk\u016f.<\/p>\n<p>Ve druh\u00e9m bloku oslavy pro n\u00e1s byly p\u0159ipraveny p\u0159edn\u00e1\u0161ky, op\u011bt rozd\u011bleny pro \u0161pan\u011blsky a francouzsky mluv\u00edc\u00ed publikum. P\u0159edn\u00e1\u0161eli nap\u0159\u00edklad d\u011bkan fakulty, b\u00fdval\u00ed absolventi a dal\u0161\u00ed pam\u011btn\u00edci.<\/p>\n<p>D\u00edky t\u00e9to oslav\u011b jsme m\u011bli mo\u017enost roz\u0161\u00ed\u0159it si na\u0161e znalosti o rom\u00e1nsk\u00fdch kultur\u00e1ch a d\u011bkujeme v\u0161em, kte\u0159\u00ed n\u00e1m tento z\u00e1\u017eitek umo\u017enili.<\/p>\n<p>Tereza J\u00edlkov\u00e1, 4.N<\/p>\n","protected":false},"excerpt":{"rendered":"<p>V\u00a0p\u00e1tek 10.6. se na Filozofick\u00e9 fakult\u011b Jiho\u010desk\u00e9 univerzity konaly oslavy 30.v\u00fdro\u010d\u00ed zalo\u017een\u00ed \u00dastavu romanistiky. Fakultu nav\u0161t\u00edvily francouzsk\u00e9 poloviny t\u0159\u00edd 4.N,&nbsp;<a href=\"https:\/\/bigycb.cz\/bigy\/oslavy-30-let-romanistiky-na-ff-ju\/\">&hellip;<\/a><\/p>\n","protected":false},"author":1,"featured_media":2487,"comment_status":"closed","ping_status":"closed","sticky":false,"template":"","format":"standard","meta":{"footnotes":""},"categories":[30],"tags":[],"class_list":["post-2486","post","type-post","status-publish","format-standard","has-post-thumbnail","hentry","category-aktuality","odd"],"_links":{"self":[{"href":"https:\/\/bigycb.cz\/bigy\/wp-json\/wp\/v2\/posts\/2486","targetHints":{"allow":["GET"]}}],"collection":[{"href":"https:\/\/bigycb.cz\/bigy\/wp-json\/wp\/v2\/posts"}],"about":[{"href":"https:\/\/bigycb.cz\/bigy\/wp-json\/wp\/v2\/types\/post"}],"author":[{"embeddable":true,"href":"https:\/\/bigycb.cz\/bigy\/wp-json\/wp\/v2\/users\/1"}],"replies":[{"embeddable":true,"href":"https:\/\/bigycb.cz\/bigy\/wp-json\/wp\/v2\/comments?post=2486"}],"version-history":[{"count":3,"href":"https:\/\/bigycb.cz\/bigy\/wp-json\/wp\/v2\/posts\/2486\/revisions"}],"predecessor-version":[{"id":2490,"href":"https:\/\/bigycb.cz\/bigy\/wp-json\/wp\/v2\/posts\/2486\/revisions\/2490"}],"wp:featuredmedia":[{"embeddable":true,"href":"https:\/\/bigycb.cz\/bigy\/wp-json\/wp\/v2\/media\/2487"}],"wp:attachment":[{"href":"https:\/\/bigycb.cz\/bigy\/wp-json\/wp\/v2\/media?parent=2486"}],"wp:term":[{"taxonomy":"category","embeddable":true,"href":"https:\/\/bigycb.cz\/bigy\/wp-json\/wp\/v2\/categories?post=2486"},{"taxonomy":"post_tag","embeddable":true,"href":"https:\/\/bigycb.cz\/bigy\/wp-json\/wp\/v2\/tags?post=2486"}],"curies":[{"name":"wp","href":"https:\/\/api.w.org\/{rel}","templated":true}]}}