{"id":2289,"date":"2022-06-16T05:53:25","date_gmt":"2022-06-16T03:53:25","guid":{"rendered":"https:\/\/bigycb.cz\/bigy\/?p=2289"},"modified":"2022-06-17T06:17:41","modified_gmt":"2022-06-17T04:17:41","slug":"praha-nasima-dejepisnyma-ocima","status":"publish","type":"post","link":"https:\/\/bigycb.cz\/bigy\/praha-nasima-dejepisnyma-ocima\/","title":{"rendered":"Praha na\u0161ima d\u011bjepisn\u00fdma o\u010dima"},"content":{"rendered":"<p>V leto\u0161n\u00edm \u0161koln\u00edm roce byly uskute\u010dn\u011bny na na\u0161em gymn\u00e1ziu zcela nov\u00e9  podoby exkurz\u00ed, kter\u00e9 by se m\u011bly st\u00e1t do budoucna tradic\u00ed. Tyto odborn\u00e9 exkurze organizuje d\u011bjepisn\u00fd kabinet a jsou po\u0159\u00e1d\u00e1ny pro studenty 2.ro\u010dn\u00edk\u016f vy\u0161\u0161\u00edho gymn\u00e1zia. V\u011bt\u0161ina u\u010ditel\u016f  d\u011bjepisu p\u0159ipravila speci\u00e1ln\u00ed program zam\u011b\u0159en\u00fd na pozn\u00e1n\u00ed historick\u00e9ho v\u00fdvoje na\u0161\u00ed zem\u011b a p\u0159edev\u0161\u00edm Prahy. Prvn\u00ed skupina student\u016f odjela na tuto exkurzi ji\u017e v dubnu, druh\u00e1 za\u010d\u00e1tkem kv\u011btna \u2013 ta pod veden\u00edm p. u\u010d. Maliny, p. \u0160ulcov\u00e9, p. Muskov\u00e9 a p. Bene\u0161ov\u00e9.<\/p>\n<p>Na\u0161e akce za\u010dala rann\u00ed j\u00edzdou vlakem do Prahy na hlavn\u00ed n\u00e1dra\u017e\u00ed. Odtud jsme se tramvaj\u00ed dopravili k hostelu Sokol v Tyr\u0161ov\u011b dom\u011b na \u00dajezd\u011b. Tam jsme tedy m\u011bli z\u00e1kladnu a odtud jsme vyr\u00e1\u017eeli na vych\u00e1zky a prohl\u00eddky. Hned p\u0159ed polednem jsme se vydali na Pra\u017esk\u00fd hrad. Zrovna jsme stihli v\u00fdm\u011bnu str\u00e1\u017e\u00ed; n\u00e1sledn\u00e1 fronta na prohl\u00eddku katedr\u00e1ly sv. V\u00edta se sice zd\u00e1la nekone\u010dn\u00e1, ale nakonec to nebylo tak zl\u00e9. Absolvovali jsme \u2013 rozd\u011blen\u00ed na dv\u011b skupiny \u2013 s pr\u016fvodcovsk\u00fdm v\u00fdkladem prohl\u00eddku chr\u00e1mu i nejzn\u00e1m\u011bj\u0161\u00edch \u010d\u00e1st\u00ed Pra\u017esk\u00e9ho hradu: Vladislavsk\u00e9ho s\u00e1lu, Star\u00e9 sn\u011bmovny, Zlat\u00e9 uli\u010dky a baziliky sv. Ji\u0159\u00ed.<br \/>\nPotom n\u00e1s \u010dekala komentovan\u00e1 proch\u00e1zka Star\u00fdm M\u011bstem a rozchod na Starom\u011bstsk\u00e9m n\u00e1m\u011bst\u00ed, na kter\u00fd jsme se v\u0161ichni t\u011b\u0161ili, proto\u017ee u\u017e jsme m\u011bli chu\u0165 na n\u011bco k j\u00eddlu. Kdy\u017e jsme p\u0159ed osmou hodinou ve\u010der dorazili na hostel, prozkoum\u00e1vali jsme jeho z\u00e1kout\u00ed a narazili jsme na letn\u00ed terasu, kterou jsme si okam\u017eit\u011b obl\u00edbili (pro zbytek na\u0161eho pobytu se stala m\u00edstem pro konzumaci instantn\u00edch pol\u00e9vek nebo m\u00edchan\u00fdch vaj\u00ed\u010dek \ud83d\ude0a).<\/p>\n<p>\u00dater\u00fd jsme za\u010dali rann\u00ed proch\u00e1zkou, jej\u00ed\u017e c\u00edlovou destinac\u00ed bylo N\u00e1rodn\u00ed muzeum. Str\u00e1vili jsme v n\u011bm cel\u00e9 dopoledne; ov\u0161em n\u011bkter\u00fdm se tam natolik zal\u00edbilo, \u017ee zde z\u016fstali a\u017e do odpoledn\u00edch hodin. N\u00e1sledn\u011b jsme dali noh\u00e1m zabrat i p\u0159i dal\u0161\u00ed proch\u00e1zce m\u011bstem, tentokr\u00e1t na t\u00e9ma \u201eModern\u00ed d\u011bjiny\u201c.<br \/>\nPo p\u0159\u00edchodu na hostel n\u00e1s \u010dekaly piln\u00e9 p\u0159\u00edpravy na ve\u010dern\u00ed divadlo. Ve\u010der jsme zhl\u00e9dli p\u0159edstaven\u00ed Duety ve Studiu DVA, v hlavn\u00ed roli s Monikou Absolonovu a Filipem Bla\u017ekem. Reakce na komedi\u00e1ln\u00ed hru britsk\u00e9ho dramatika Petera Quiltera byly hodn\u011b sm\u00ed\u0161en\u00e9. Kdy\u017e jsme se op\u011bt dostali na hostel, tak jsme si jen objednali j\u00eddlo a \u0161li nab\u00edrat s\u00edly na dal\u0161\u00ed den.<\/p>\n<p>Ve st\u0159edu brzy r\u00e1no p\u0159i\u0161el bud\u00ed\u010dek, po kter\u00e9m jsme si dobalili v\u011bci a vyrazili na hlavn\u00ed n\u00e1dra\u017e\u00ed. Zde jsme si nechali v\u011bci a metrem jsme se p\u0159esunuli na n\u00e1dra\u017e\u00ed Veleslav\u00edn, odkud n\u00e1m jel autobus do Lidic. V Lidic\u00edch jsme vid\u011bli kr\u00e1tk\u00fd historick\u00fd dokument a potom jsme se spole\u010dn\u011b s pan\u00ed pr\u016fvodkyn\u00ed vydali na prohl\u00eddku pietn\u00edho \u00fazem\u00ed. Bezprost\u0159edn\u00ed sezn\u00e1men\u00ed s osudem obce, kterou p\u0159ed osmdes\u00e1ti lety zlikvidovali n\u011bme\u010dt\u00ed nacist\u00e9, bylo velmi p\u016fsobiv\u00e9.<br \/>\nOdpoledne jsme si dali u\u017e jen ob\u011bd a vydali se na vlak zp\u011bt do \u010cesk\u00fdch Bud\u011bjovic. Docela vy\u010derpan\u00ed jsme dorazili chvilku po \u0161est\u00e9 ve\u010der. Po p\u0159\u00edjezdu se v\u0161ichni rozutekli a v\u00fdlet skon\u010dil stejn\u011b, jako te\u010f kon\u010d\u00ed n\u00e1\u0161 \u010dl\u00e1nek. \ud83d\ude0a<\/p>\n<p>Tereza J\u00edlkov\u00e1, 4.N (upraveno)<\/p>\n<p>&nbsp;<\/p>\n","protected":false},"excerpt":{"rendered":"<p>V leto\u0161n\u00edm \u0161koln\u00edm roce byly uskute\u010dn\u011bny na na\u0161em gymn\u00e1ziu zcela nov\u00e9 podoby exkurz\u00ed, kter\u00e9 by se m\u011bly st\u00e1t do budoucna&nbsp;<a href=\"https:\/\/bigycb.cz\/bigy\/praha-nasima-dejepisnyma-ocima\/\">&hellip;<\/a><\/p>\n","protected":false},"author":1,"featured_media":2290,"comment_status":"closed","ping_status":"closed","sticky":false,"template":"","format":"standard","meta":{"footnotes":""},"categories":[30],"tags":[],"class_list":["post-2289","post","type-post","status-publish","format-standard","has-post-thumbnail","hentry","category-aktuality","odd"],"_links":{"self":[{"href":"https:\/\/bigycb.cz\/bigy\/wp-json\/wp\/v2\/posts\/2289","targetHints":{"allow":["GET"]}}],"collection":[{"href":"https:\/\/bigycb.cz\/bigy\/wp-json\/wp\/v2\/posts"}],"about":[{"href":"https:\/\/bigycb.cz\/bigy\/wp-json\/wp\/v2\/types\/post"}],"author":[{"embeddable":true,"href":"https:\/\/bigycb.cz\/bigy\/wp-json\/wp\/v2\/users\/1"}],"replies":[{"embeddable":true,"href":"https:\/\/bigycb.cz\/bigy\/wp-json\/wp\/v2\/comments?post=2289"}],"version-history":[{"count":3,"href":"https:\/\/bigycb.cz\/bigy\/wp-json\/wp\/v2\/posts\/2289\/revisions"}],"predecessor-version":[{"id":2297,"href":"https:\/\/bigycb.cz\/bigy\/wp-json\/wp\/v2\/posts\/2289\/revisions\/2297"}],"wp:featuredmedia":[{"embeddable":true,"href":"https:\/\/bigycb.cz\/bigy\/wp-json\/wp\/v2\/media\/2290"}],"wp:attachment":[{"href":"https:\/\/bigycb.cz\/bigy\/wp-json\/wp\/v2\/media?parent=2289"}],"wp:term":[{"taxonomy":"category","embeddable":true,"href":"https:\/\/bigycb.cz\/bigy\/wp-json\/wp\/v2\/categories?post=2289"},{"taxonomy":"post_tag","embeddable":true,"href":"https:\/\/bigycb.cz\/bigy\/wp-json\/wp\/v2\/tags?post=2289"}],"curies":[{"name":"wp","href":"https:\/\/api.w.org\/{rel}","templated":true}]}}