{"id":2276,"date":"2022-06-11T13:04:18","date_gmt":"2022-06-11T11:04:18","guid":{"rendered":"https:\/\/bigycb.cz\/bigy\/?p=2276"},"modified":"2022-06-11T13:04:18","modified_gmt":"2022-06-11T11:04:18","slug":"do-skoly-prace-na-kole-na-bigy-jiz-po-devate","status":"publish","type":"post","link":"https:\/\/bigycb.cz\/bigy\/do-skoly-prace-na-kole-na-bigy-jiz-po-devate\/","title":{"rendered":"Do \u0161koly\/pr\u00e1ce na kole na Bigy ji\u017e po dev\u00e1t\u00e9!"},"content":{"rendered":"<div class=\"kvgmc6g5 cxmmr5t8 oygrvhab hcukyx3x c1et5uql ii04i59q\">\n<div dir=\"auto\">Tak jako ka\u017ed\u00fd rok, i letos, vyu\u010duj\u00edc\u00ed a studenti na\u0161eho gymn\u00e1zia \u0161l\u00e1pli do ped\u00e1l\u016f a po cel\u00fd m\u011bs\u00edc jezdili na v\u00fduku na kole. \u00da\u010dast tento rok op\u011bt p\u0159ekonala minul\u00fd ro\u010dn\u00edk. Celkem na na\u0161\u00ed \u0161kole vzniklo p\u011bt t\u00fdm\u016f. Z toho t\u0159i u\u010ditelsk\u00e9 a dva studentsk\u00e9. V\u0161echny t\u00fdmy dohromady b\u011bhem jedin\u00e9ho m\u011bs\u00edce najely t\u00e9m\u011b\u0159 3400 kilometr\u016f!<\/div>\n<\/div>\n<div class=\"cxmmr5t8 oygrvhab hcukyx3x c1et5uql o9v6fnle ii04i59q\">\n<div dir=\"auto\">D\u00edky v\u0161em \u00fa\u010dastn\u00edk\u016fm a tak\u00e9 veden\u00ed \u0161koly, kter\u00e9 akci podpo\u0159ilo!<\/div>\n<\/div>\n<div dir=\"auto\"><\/div>\n<div dir=\"auto\"><\/div>\n<div class=\"cxmmr5t8 oygrvhab hcukyx3x c1et5uql o9v6fnle ii04i59q\">\n\n\t\t<style type=\"text\/css\">\n\t\t\t#gallery-1 {\n\t\t\t\tmargin: auto;\n\t\t\t}\n\t\t\t#gallery-1 .gallery-item {\n\t\t\t\tfloat: left;\n\t\t\t\tmargin-top: 10px;\n\t\t\t\ttext-align: center;\n\t\t\t\twidth: 33%;\n\t\t\t}\n\t\t\t#gallery-1 img {\n\t\t\t\tborder: 2px solid #cfcfcf;\n\t\t\t}\n\t\t\t#gallery-1 .gallery-caption {\n\t\t\t\tmargin-left: 0;\n\t\t\t}\n\t\t\t\/* see gallery_shortcode() in wp-includes\/media.php *\/\n\t\t<\/style>\n\t\t<div id='gallery-1' class='gallery galleryid-2276 gallery-columns-3 gallery-size-medium'><dl class='gallery-item'>\n\t\t\t<dt class='gallery-icon landscape'>\n\t\t\t\t<a href='https:\/\/bigycb.cz\/bigy\/wp-content\/uploads\/DSC_0481.jpg' rel=\"lightbox[2276]\"><img loading=\"lazy\" decoding=\"async\" width=\"300\" height=\"300\" src=\"https:\/\/bigycb.cz\/bigy\/wp-content\/uploads\/DSC_0481-300x300.jpg\" class=\"attachment-medium size-medium\" alt=\"\" srcset=\"https:\/\/bigycb.cz\/bigy\/wp-content\/uploads\/DSC_0481-300x300.jpg 300w, https:\/\/bigycb.cz\/bigy\/wp-content\/uploads\/DSC_0481-150x150.jpg 150w, https:\/\/bigycb.cz\/bigy\/wp-content\/uploads\/DSC_0481.jpg 1024w\" sizes=\"auto, (max-width: 300px) 100vw, 300px\" \/><\/a>\n\t\t\t<\/dt><\/dl><dl class='gallery-item'>\n\t\t\t<dt class='gallery-icon landscape'>\n\t\t\t\t<a href='https:\/\/bigycb.cz\/bigy\/wp-content\/uploads\/DSC_0454.jpg' rel=\"lightbox[2276]\"><img loading=\"lazy\" decoding=\"async\" width=\"300\" height=\"199\" src=\"https:\/\/bigycb.cz\/bigy\/wp-content\/uploads\/DSC_0454-300x199.jpg\" class=\"attachment-medium size-medium\" alt=\"\" srcset=\"https:\/\/bigycb.cz\/bigy\/wp-content\/uploads\/DSC_0454-300x199.jpg 300w, https:\/\/bigycb.cz\/bigy\/wp-content\/uploads\/DSC_0454.jpg 1024w\" sizes=\"auto, (max-width: 300px) 100vw, 300px\" \/><\/a>\n\t\t\t<\/dt><\/dl><dl class='gallery-item'>\n\t\t\t<dt class='gallery-icon landscape'>\n\t\t\t\t<a href='https:\/\/bigycb.cz\/bigy\/wp-content\/uploads\/DSC_0432.jpg' rel=\"lightbox[2276]\"><img loading=\"lazy\" decoding=\"async\" width=\"300\" height=\"199\" src=\"https:\/\/bigycb.cz\/bigy\/wp-content\/uploads\/DSC_0432-300x199.jpg\" class=\"attachment-medium size-medium\" alt=\"\" srcset=\"https:\/\/bigycb.cz\/bigy\/wp-content\/uploads\/DSC_0432-300x199.jpg 300w, https:\/\/bigycb.cz\/bigy\/wp-content\/uploads\/DSC_0432.jpg 1024w\" sizes=\"auto, (max-width: 300px) 100vw, 300px\" \/><\/a>\n\t\t\t<\/dt><\/dl><br style=\"clear: both\" \/>\n\t\t<\/div>\n\n<\/div>\n","protected":false},"excerpt":{"rendered":"<p>Tak jako ka\u017ed\u00fd rok, i letos, vyu\u010duj\u00edc\u00ed a studenti na\u0161eho gymn\u00e1zia \u0161l\u00e1pli do ped\u00e1l\u016f a po cel\u00fd m\u011bs\u00edc jezdili na&nbsp;<a href=\"https:\/\/bigycb.cz\/bigy\/do-skoly-prace-na-kole-na-bigy-jiz-po-devate\/\">&hellip;<\/a><\/p>\n","protected":false},"author":1,"featured_media":2282,"comment_status":"closed","ping_status":"closed","sticky":false,"template":"","format":"standard","meta":{"footnotes":""},"categories":[30],"tags":[],"class_list":["post-2276","post","type-post","status-publish","format-standard","has-post-thumbnail","hentry","category-aktuality","odd"],"_links":{"self":[{"href":"https:\/\/bigycb.cz\/bigy\/wp-json\/wp\/v2\/posts\/2276","targetHints":{"allow":["GET"]}}],"collection":[{"href":"https:\/\/bigycb.cz\/bigy\/wp-json\/wp\/v2\/posts"}],"about":[{"href":"https:\/\/bigycb.cz\/bigy\/wp-json\/wp\/v2\/types\/post"}],"author":[{"embeddable":true,"href":"https:\/\/bigycb.cz\/bigy\/wp-json\/wp\/v2\/users\/1"}],"replies":[{"embeddable":true,"href":"https:\/\/bigycb.cz\/bigy\/wp-json\/wp\/v2\/comments?post=2276"}],"version-history":[{"count":2,"href":"https:\/\/bigycb.cz\/bigy\/wp-json\/wp\/v2\/posts\/2276\/revisions"}],"predecessor-version":[{"id":2283,"href":"https:\/\/bigycb.cz\/bigy\/wp-json\/wp\/v2\/posts\/2276\/revisions\/2283"}],"wp:featuredmedia":[{"embeddable":true,"href":"https:\/\/bigycb.cz\/bigy\/wp-json\/wp\/v2\/media\/2282"}],"wp:attachment":[{"href":"https:\/\/bigycb.cz\/bigy\/wp-json\/wp\/v2\/media?parent=2276"}],"wp:term":[{"taxonomy":"category","embeddable":true,"href":"https:\/\/bigycb.cz\/bigy\/wp-json\/wp\/v2\/categories?post=2276"},{"taxonomy":"post_tag","embeddable":true,"href":"https:\/\/bigycb.cz\/bigy\/wp-json\/wp\/v2\/tags?post=2276"}],"curies":[{"name":"wp","href":"https:\/\/api.w.org\/{rel}","templated":true}]}}