{"id":2119,"date":"2022-05-20T07:26:03","date_gmt":"2022-05-20T05:26:03","guid":{"rendered":"https:\/\/bigycb.cz\/bigy\/?p=2119"},"modified":"2022-05-20T07:27:11","modified_gmt":"2022-05-20T05:27:11","slug":"tridenni-okenko-do-mediciny-s-talentakademii-5","status":"publish","type":"post","link":"https:\/\/bigycb.cz\/bigy\/tridenni-okenko-do-mediciny-s-talentakademii-5\/","title":{"rendered":"T\u0159\u00eddenn\u00ed ok\u00e9nko do medic\u00edny s TalentAkademi\u00ed 5"},"content":{"rendered":"<p>Pro studium medic\u00edny se ka\u017ed\u00fd rok rozhoduj\u00ed spousty student\u016f. M\u00e1lokter\u00fd m\u00e1 ale takov\u00e9 \u0161t\u011bst\u00ed, \u017ee m\u016f\u017ee do tohoto oboru nahl\u00e9dnout je\u0161t\u011b p\u0159ed n\u00e1stupem na vysokou \u0161kolu. N\u00e1m (Tereze Pr\u016f\u0161ov\u00e9 z\u00a06.A a Tom\u00e1\u0161i \u017dl\u00e1bkovi z\u00a05.N) se to poda\u0159ilo d\u00edky p\u00e1t\u00e9 TalentAkademii, kter\u00e1 byla pr\u00e1v\u011b na medic\u00ednu zam\u011b\u0159ena.<\/p>\n<p>Prvn\u00ed den TalentAkademie odstartoval n\u00e1v\u0161t\u011bvou nemocnic ve Strakonic\u00edch a v\u00a0P\u00edsku. V\u0161ichni bychom se tam v\u0161ak neve\u0161li, a tak jsme se museli rozd\u011blit na skupinu p\u00edseckou a strakonickou. My jsme si zvolili nemocnici ve Strakonic\u00edch a nav\u0161t\u00edvili jsme m\u00edstn\u00ed gastroenterologii. Pod\u00edvali jsme se nap\u0159\u00edklad na s\u00e1l, kde se prov\u00e1d\u00ed kolonoskopie a vid\u011bli jsme nejmodern\u011bj\u0161\u00ed vymo\u017eenosti pou\u017e\u00edvan\u00e9 v\u00a0tomto oboru. D\u00e1le jsme zde nav\u0161t\u00edvili Centrum p\u00e9\u010de o zrak, kde jsme se pod\u00edvali, jak vypad\u00e1 vy\u0161et\u0159en\u00ed o\u010d\u00ed z\u00a0pohledu l\u00e9ka\u0159e. Po n\u00e1vratu do hotelu Budweis, kde jsme byli ubytov\u00e1ni, n\u00e1s \u010dekaly poutav\u00e9 p\u0159edn\u00e1\u0161ky o infek\u010dn\u00edch onemocn\u011bn\u00edch a o studiu medic\u00edny jako takov\u00e9m.<\/p>\n<p>N\u00e1sleduj\u00edc\u00ed den program pokra\u010doval p\u0159edn\u00e1\u0161kami odborn\u00edk\u016f na kardiologii, kardiochirurgii a mamografii, p\u0159i\u010dem\u017e la\u0165ku zvedla op\u011bt o kus v\u00fd\u0161e n\u00e1v\u0161t\u011bva na\u0161\u00ed \u010deskobud\u011bjovick\u00e9 nemocnice, kde jsme se dostali do endoskopick\u00e9ho centra, nahl\u00e9dli jsme do katetriza\u010dn\u00ed laborato\u0159e a virtu\u00e1ln\u011b jsme si zaoperovali na tr\u00e9ninkov\u00e9m simul\u00e1toru p\u0159i n\u00e1v\u0161t\u011bv\u011b odd\u011blen\u00ed robotick\u00e9 chirurgie. \u010cas do ve\u010de\u0159e utekl jako voda p\u0159i p\u0159edn\u00e1\u0161ce o transplantaci plic a po ve\u010de\u0159i n\u00e1s \u010dekala beseda s\u00a0Ji\u0159\u00edm Barto\u0161kou, prezidentem karlovarsk\u00e9ho filmov\u00e9ho festivalu, a nyn\u00ed i prezidentem p\u00e1t\u00e9ho b\u011bhu TalentAkademie.<\/p>\n<p>Z\u00e1v\u011bre\u010dn\u00fd den se nesl v\u00a0duchu integrovan\u00e9ho z\u00e1chrann\u00e9ho syst\u00e9mu, o kter\u00e9m jsme si nejen vyslechli p\u0159edn\u00e1\u0161ku, ale dokonce jsme si mohli dva z\u00e1chran\u00e1\u0159sk\u00e9 vozy zevnit\u0159 prohl\u00e9dnout. Odborn\u00fd program uzav\u00edral v\u00fdklad o neurochirurgii, po kter\u00e9m n\u00e1sledoval u\u017e jen ob\u011bd, slavnostn\u00ed zakon\u010den\u00ed a spole\u010dn\u00e9 focen\u00ed.<\/p>\n<p>Jednalo se tedy o t\u0159i dny nabit\u00e9 strhuj\u00edc\u00edmi p\u0159edn\u00e1\u0161kami odborn\u00edk\u016f, prohl\u00eddkami prostor nemocnic, a dokonce i p\u0159\u00edle\u017eitostmi vyzkou\u0161et si n\u011bkter\u00e9 l\u00e9ka\u0159sk\u00e9 praktiky na figur\u00edn\u00e1ch a simul\u00e1torech. P\u0159esto\u017ee byl program opravdu napln\u011bn\u00fd, co to \u0161lo, na\u0161ly se na\u0161t\u011bst\u00ed chv\u00edle, kdy se sezn\u00e1mit a popov\u00eddat si s\u00a0vrstevn\u00edky z\u00a0jin\u00fdch \u0161kol, kte\u0159\u00ed maj\u00ed podobn\u00fd okruh z\u00e1jm\u016f, co\u017e bylo velice obohacuj\u00edc\u00ed. Pro z\u00e1jemce o studium medic\u00edny byla tedy TalentAkademie naprosto neuv\u011b\u0159iteln\u00e1 pod\u00edvan\u00e1 a p\u0159\u00edle\u017eitost, ze kter\u00e9 zajist\u00e9 v\u0161ichni z\u00fa\u010dastn\u011bn\u00ed budou \u010derpat je\u0161t\u011b dlouho pot\u00e9.<\/p>\n<p>Nebyly to v\u0161ak pouze odborn\u00e9 p\u0159edn\u00e1\u0161ky, co n\u00e1s mohlo motivovat ke studiu. V\u011bt\u0161ina p\u0159edn\u00e1\u0161ej\u00edc\u00edch l\u00e9ka\u0159\u016f toti\u017e do sv\u00fdch p\u0159edn\u00e1\u0161ek zakomponovala i sv\u00e9 pohledy na studium medic\u00edny, na stres spojen\u00fd s\u00a0jejich prac\u00ed a na neuv\u011b\u0159itelnou psychickou n\u00e1ro\u010dnost cel\u00e9ho medic\u00ednsk\u00e9ho oboru. V\u00a0j\u00e1dru jsme toti\u017e v\u0161ichni lid\u00e9 a jsou to pr\u00e1v\u011b tyto \u201elidsk\u00e9\u201c probl\u00e9my, o kter\u00fdch se jen z\u0159\u00eddka mluv\u00ed. \u00a0Proto bylo nesm\u00edrn\u011b motivuj\u00edc\u00ed sly\u0161et zku\u0161enosti a my\u0161lenky lid\u00ed, kte\u0159\u00ed se s\u00a0t\u011bmito probl\u00e9my ka\u017ed\u00fd den setk\u00e1vaj\u00ed.<\/p>\n<p>Z\u00e1v\u011brem bychom cht\u011bli pod\u011bkovat za to, \u017ee jsme dostali takto \u00fa\u017easnou p\u0159\u00edle\u017eitost, kter\u00e1 n\u00e1m p\u0159inesla tolik nov\u00fdch zku\u0161enost\u00ed, znalost\u00ed, my\u0161lenek, p\u0159\u00e1tel a prohloubila na\u0161e odhodl\u00e1n\u00ed pro studium medic\u00edny.<\/p>\n<p>Za 5.N Tom\u00e1\u0161 \u017dl\u00e1bek a za 6.A Tereza Pr\u016f\u0161ov\u00e1<img loading=\"lazy\" decoding=\"async\" class=\"aligncenter size-large wp-image-2123\" src=\"https:\/\/bigycb.cz\/bigy\/wp-content\/uploads\/IMG_0510-1-768x1024.jpg\" alt=\"\" width=\"768\" height=\"1024\" srcset=\"https:\/\/bigycb.cz\/bigy\/wp-content\/uploads\/IMG_0510-1.jpg 768w, https:\/\/bigycb.cz\/bigy\/wp-content\/uploads\/IMG_0510-1-225x300.jpg 225w\" sizes=\"auto, (max-width: 768px) 100vw, 768px\" \/><\/p>\n","protected":false},"excerpt":{"rendered":"<p>Pro studium medic\u00edny se ka\u017ed\u00fd rok rozhoduj\u00ed spousty student\u016f. M\u00e1lokter\u00fd m\u00e1 ale takov\u00e9 \u0161t\u011bst\u00ed, \u017ee m\u016f\u017ee do tohoto oboru nahl\u00e9dnout&nbsp;<a href=\"https:\/\/bigycb.cz\/bigy\/tridenni-okenko-do-mediciny-s-talentakademii-5\/\">&hellip;<\/a><\/p>\n","protected":false},"author":1,"featured_media":2122,"comment_status":"closed","ping_status":"closed","sticky":false,"template":"","format":"standard","meta":{"footnotes":""},"categories":[30,35],"tags":[],"class_list":["post-2119","post","type-post","status-publish","format-standard","has-post-thumbnail","hentry","category-aktuality","category-uspechy","odd"],"_links":{"self":[{"href":"https:\/\/bigycb.cz\/bigy\/wp-json\/wp\/v2\/posts\/2119","targetHints":{"allow":["GET"]}}],"collection":[{"href":"https:\/\/bigycb.cz\/bigy\/wp-json\/wp\/v2\/posts"}],"about":[{"href":"https:\/\/bigycb.cz\/bigy\/wp-json\/wp\/v2\/types\/post"}],"author":[{"embeddable":true,"href":"https:\/\/bigycb.cz\/bigy\/wp-json\/wp\/v2\/users\/1"}],"replies":[{"embeddable":true,"href":"https:\/\/bigycb.cz\/bigy\/wp-json\/wp\/v2\/comments?post=2119"}],"version-history":[{"count":2,"href":"https:\/\/bigycb.cz\/bigy\/wp-json\/wp\/v2\/posts\/2119\/revisions"}],"predecessor-version":[{"id":2125,"href":"https:\/\/bigycb.cz\/bigy\/wp-json\/wp\/v2\/posts\/2119\/revisions\/2125"}],"wp:featuredmedia":[{"embeddable":true,"href":"https:\/\/bigycb.cz\/bigy\/wp-json\/wp\/v2\/media\/2122"}],"wp:attachment":[{"href":"https:\/\/bigycb.cz\/bigy\/wp-json\/wp\/v2\/media?parent=2119"}],"wp:term":[{"taxonomy":"category","embeddable":true,"href":"https:\/\/bigycb.cz\/bigy\/wp-json\/wp\/v2\/categories?post=2119"},{"taxonomy":"post_tag","embeddable":true,"href":"https:\/\/bigycb.cz\/bigy\/wp-json\/wp\/v2\/tags?post=2119"}],"curies":[{"name":"wp","href":"https:\/\/api.w.org\/{rel}","templated":true}]}}