{"id":1839,"date":"2022-04-16T18:40:00","date_gmt":"2022-04-16T16:40:00","guid":{"rendered":"https:\/\/bigycb.cz\/bigy\/?p=1839"},"modified":"2022-04-22T15:21:18","modified_gmt":"2022-04-22T13:21:18","slug":"vitezstvi-v-krajskem-kole-olympiady-v-nemeckem-jazyce","status":"publish","type":"post","link":"https:\/\/bigycb.cz\/bigy\/vitezstvi-v-krajskem-kole-olympiady-v-nemeckem-jazyce\/","title":{"rendered":"V\u00edt\u011bzstv\u00ed v krajsk\u00e9m kole olympi\u00e1dy v n\u011bmeck\u00e9m jazyce"},"content":{"rendered":"<div>Dne 12. dubna se konalo krajsk\u00e9 kolo olympi\u00e1dy v n\u011bmeck\u00e9m jazyce. Jedn\u00e1 se o presti\u017en\u00ed a velmi siln\u011b obsazenou kategorii st\u0159edn\u00edch \u0161kol. V\u00edt\u011bzkou se stala Michaela J\u00edlkov\u00e1 z 5.N. Studentka se na v\u0161echny hodiny n\u011bm\u010diny p\u0159ipravuje velmi pe\u010dliv\u011b a stejn\u011b zodpov\u011bdn\u011b pojala i p\u0159\u00edpravu na sout\u011b\u017e. K odm\u011bn\u011b v podob\u011b kni\u017en\u00ed pouk\u00e1zky z\u00edskala rovn\u011b\u017e p\u0159ihl\u00e1\u0161ku na letn\u00ed kurz n\u011bm\u010diny do Rakouska, kde by M\u00ed\u0161a cht\u011bla po maturit\u011b studovat.<\/div>\n<div>Blahop\u0159ejeme a p\u0159ejeme mnoho \u00fasp\u011bch\u016f v celost\u00e1tn\u00edm kole!<\/div>\n<div><\/div>\n<div><\/div>\n<div>\n\n\t\t<style type=\"text\/css\">\n\t\t\t#gallery-1 {\n\t\t\t\tmargin: auto;\n\t\t\t}\n\t\t\t#gallery-1 .gallery-item {\n\t\t\t\tfloat: left;\n\t\t\t\tmargin-top: 10px;\n\t\t\t\ttext-align: center;\n\t\t\t\twidth: 100%;\n\t\t\t}\n\t\t\t#gallery-1 img {\n\t\t\t\tborder: 2px solid #cfcfcf;\n\t\t\t}\n\t\t\t#gallery-1 .gallery-caption {\n\t\t\t\tmargin-left: 0;\n\t\t\t}\n\t\t\t\/* see gallery_shortcode() in wp-includes\/media.php *\/\n\t\t<\/style>\n\t\t<div id='gallery-1' class='gallery galleryid-1839 gallery-columns-1 gallery-size-thumbnail'><dl class='gallery-item'>\n\t\t\t<dt class='gallery-icon portrait'>\n\t\t\t\t<a href='https:\/\/bigycb.cz\/bigy\/wp-content\/uploads\/87581.jpeg' rel=\"lightbox[1839]\"><img loading=\"lazy\" decoding=\"async\" width=\"150\" height=\"150\" src=\"https:\/\/bigycb.cz\/bigy\/wp-content\/uploads\/87581-150x150.jpeg\" class=\"attachment-thumbnail size-thumbnail\" alt=\"\" \/><\/a>\n\t\t\t<\/dt><\/dl><br style=\"clear: both\" \/>\n\t\t<\/div>\n\n<\/div>\n","protected":false},"excerpt":{"rendered":"<p>Dne 12. dubna se konalo krajsk\u00e9 kolo olympi\u00e1dy v n\u011bmeck\u00e9m jazyce. Jedn\u00e1 se o presti\u017en\u00ed a velmi siln\u011b obsazenou kategorii&nbsp;<a href=\"https:\/\/bigycb.cz\/bigy\/vitezstvi-v-krajskem-kole-olympiady-v-nemeckem-jazyce\/\">&hellip;<\/a><\/p>\n","protected":false},"author":1,"featured_media":1905,"comment_status":"closed","ping_status":"closed","sticky":false,"template":"","format":"standard","meta":{"footnotes":""},"categories":[35],"tags":[],"class_list":["post-1839","post","type-post","status-publish","format-standard","has-post-thumbnail","hentry","category-uspechy","odd"],"_links":{"self":[{"href":"https:\/\/bigycb.cz\/bigy\/wp-json\/wp\/v2\/posts\/1839","targetHints":{"allow":["GET"]}}],"collection":[{"href":"https:\/\/bigycb.cz\/bigy\/wp-json\/wp\/v2\/posts"}],"about":[{"href":"https:\/\/bigycb.cz\/bigy\/wp-json\/wp\/v2\/types\/post"}],"author":[{"embeddable":true,"href":"https:\/\/bigycb.cz\/bigy\/wp-json\/wp\/v2\/users\/1"}],"replies":[{"embeddable":true,"href":"https:\/\/bigycb.cz\/bigy\/wp-json\/wp\/v2\/comments?post=1839"}],"version-history":[{"count":6,"href":"https:\/\/bigycb.cz\/bigy\/wp-json\/wp\/v2\/posts\/1839\/revisions"}],"predecessor-version":[{"id":1907,"href":"https:\/\/bigycb.cz\/bigy\/wp-json\/wp\/v2\/posts\/1839\/revisions\/1907"}],"wp:featuredmedia":[{"embeddable":true,"href":"https:\/\/bigycb.cz\/bigy\/wp-json\/wp\/v2\/media\/1905"}],"wp:attachment":[{"href":"https:\/\/bigycb.cz\/bigy\/wp-json\/wp\/v2\/media?parent=1839"}],"wp:term":[{"taxonomy":"category","embeddable":true,"href":"https:\/\/bigycb.cz\/bigy\/wp-json\/wp\/v2\/categories?post=1839"},{"taxonomy":"post_tag","embeddable":true,"href":"https:\/\/bigycb.cz\/bigy\/wp-json\/wp\/v2\/tags?post=1839"}],"curies":[{"name":"wp","href":"https:\/\/api.w.org\/{rel}","templated":true}]}}