{"id":11655,"date":"2026-04-27T08:00:19","date_gmt":"2026-04-27T06:00:19","guid":{"rendered":"https:\/\/bigycb.cz\/bigy\/?p=11655"},"modified":"2026-04-26T11:53:53","modified_gmt":"2026-04-26T09:53:53","slug":"juniorsky-maraton-3","status":"publish","type":"post","link":"https:\/\/bigycb.cz\/bigy\/juniorsky-maraton-3\/","title":{"rendered":"Juniorsk\u00fd maraton"},"content":{"rendered":"<h1>\u00dasp\u011bch na\u0161ich student\u016f na Juniorsk\u00e9m maratonu v \u010cesk\u00fdch Bud\u011bjovic\u00edch<\/h1>\n<p>Dne 23. dubna se v \u010cesk\u00fdch Bud\u011bjovic\u00edch uskute\u010dnil Juniorsk\u00fd maraton \u2013 b\u011b\u017eeck\u00fd z\u00e1vod \u0161tafet na celou maratonskou vzd\u00e1lenost (10 \u00d7 4,2 km). Biskupsk\u00e9 gymn\u00e1zium reprezentoval t\u00fdm student\u016f ve slo\u017een\u00ed: Jakub Vinzenz, Max Benda, Ane\u017eka Ond\u0159ichov\u00e1, Oleksii Kupyro, Veronika Steinbauerov\u00e1, Martin Kl\u00edma, Magdalena Pokorn\u00e1, Michal Jan\u016f, Patrik Berka a Jan \u0160imek.<\/p>\n<p>N\u00e1\u0161 t\u00fdm si vedl velmi dob\u0159e a v siln\u00e9 konkurenci obsadil 8. m\u00edsto s celkov\u00fdm \u010dasem 3:04:43. Ka\u017ed\u00fd \u010dlen \u0161tafety p\u0159isp\u011bl kvalitn\u00edm v\u00fdkonem a spole\u010dn\u011b tak dos\u00e1hli skv\u011bl\u00e9ho v\u00fdsledku, kter\u00fd je d\u016fkazem jejich sportovn\u00edho nasazen\u00ed i t\u00fdmov\u00e9ho ducha.<\/p>\n<p>Z\u00e1vod prob\u00edhal ve v\u00fdborn\u00e9 atmosf\u00e9\u0159e a na\u0161i studenti reprezentovali \u0161kolu nejen sportovn\u011b, ale i sv\u00fdm p\u0159\u00edstupem a fair play.<\/p>\n<blockquote><p>\u00dasek \u010cas<br \/>\n1. \u00fasek 23:46<br \/>\n2. \u00fasek 15:37<br \/>\n3. \u00fasek 18:41<br \/>\n4. \u00fasek 16:07<br \/>\n5. \u00fasek 17:18<br \/>\n6. \u00fasek 17:01<br \/>\n7. \u00fasek 26:47<br \/>\n8. \u00fasek 18:16<br \/>\n9. \u00fasek 15:29<br \/>\n10. \u00fasek 15:39<\/p><\/blockquote>\n<p><strong>Celkov\u00fd \u010das:<\/strong> 3:04:43<br \/>\n<strong>Um\u00edst\u011bn\u00ed:<\/strong> 8. m\u00edsto<br \/>\n<strong>Ztr\u00e1ta na v\u00edt\u011bze:<\/strong> 19:32<\/p>\n<p>V\u0161em \u00fa\u010dastn\u00edk\u016fm gratulujeme a d\u011bkujeme za skv\u011blou reprezentaci \u0161koly!<\/p>\n<p><em>Mgr. Zden\u011bk Peka\u0159<\/em><\/p>\n<hr \/>\n\n\t\t<style type=\"text\/css\">\n\t\t\t#gallery-1 {\n\t\t\t\tmargin: auto;\n\t\t\t}\n\t\t\t#gallery-1 .gallery-item {\n\t\t\t\tfloat: left;\n\t\t\t\tmargin-top: 10px;\n\t\t\t\ttext-align: center;\n\t\t\t\twidth: 100%;\n\t\t\t}\n\t\t\t#gallery-1 img {\n\t\t\t\tborder: 2px solid #cfcfcf;\n\t\t\t}\n\t\t\t#gallery-1 .gallery-caption {\n\t\t\t\tmargin-left: 0;\n\t\t\t}\n\t\t\t\/* see gallery_shortcode() in wp-includes\/media.php *\/\n\t\t<\/style>\n\t\t<div id='gallery-1' class='gallery galleryid-11655 gallery-columns-1 gallery-size-thumbnail'><dl class='gallery-item'>\n\t\t\t<dt class='gallery-icon landscape'>\n\t\t\t\t<a href='https:\/\/bigycb.cz\/bigy\/wp-content\/uploads\/Snimek-obrazovky-2026-04-26-v-11.33.50-e1777196056359.png' rel=\"lightbox[11655]\"><img loading=\"lazy\" decoding=\"async\" width=\"150\" height=\"150\" src=\"https:\/\/bigycb.cz\/bigy\/wp-content\/uploads\/Snimek-obrazovky-2026-04-26-v-11.33.50-150x150.png\" class=\"attachment-thumbnail size-thumbnail\" alt=\"\" \/><\/a>\n\t\t\t<\/dt><\/dl><br style=\"clear: both\" \/>\n\t\t<\/div>\n\n<p>&nbsp;<\/p>\n","protected":false},"excerpt":{"rendered":"<p>\u00dasp\u011bch na\u0161ich student\u016f na Juniorsk\u00e9m maratonu v \u010cesk\u00fdch Bud\u011bjovic\u00edch Dne 23. dubna se v \u010cesk\u00fdch Bud\u011bjovic\u00edch uskute\u010dnil Juniorsk\u00fd maraton \u2013&nbsp;<a href=\"https:\/\/bigycb.cz\/bigy\/juniorsky-maraton-3\/\">&hellip;<\/a><\/p>\n","protected":false},"author":7,"featured_media":11657,"comment_status":"closed","ping_status":"closed","sticky":false,"template":"","format":"standard","meta":{"footnotes":""},"categories":[30],"tags":[53],"class_list":["post-11655","post","type-post","status-publish","format-standard","has-post-thumbnail","hentry","category-aktuality","tag-telesna-vychova","odd"],"_links":{"self":[{"href":"https:\/\/bigycb.cz\/bigy\/wp-json\/wp\/v2\/posts\/11655","targetHints":{"allow":["GET"]}}],"collection":[{"href":"https:\/\/bigycb.cz\/bigy\/wp-json\/wp\/v2\/posts"}],"about":[{"href":"https:\/\/bigycb.cz\/bigy\/wp-json\/wp\/v2\/types\/post"}],"author":[{"embeddable":true,"href":"https:\/\/bigycb.cz\/bigy\/wp-json\/wp\/v2\/users\/7"}],"replies":[{"embeddable":true,"href":"https:\/\/bigycb.cz\/bigy\/wp-json\/wp\/v2\/comments?post=11655"}],"version-history":[{"count":2,"href":"https:\/\/bigycb.cz\/bigy\/wp-json\/wp\/v2\/posts\/11655\/revisions"}],"predecessor-version":[{"id":11658,"href":"https:\/\/bigycb.cz\/bigy\/wp-json\/wp\/v2\/posts\/11655\/revisions\/11658"}],"wp:featuredmedia":[{"embeddable":true,"href":"https:\/\/bigycb.cz\/bigy\/wp-json\/wp\/v2\/media\/11657"}],"wp:attachment":[{"href":"https:\/\/bigycb.cz\/bigy\/wp-json\/wp\/v2\/media?parent=11655"}],"wp:term":[{"taxonomy":"category","embeddable":true,"href":"https:\/\/bigycb.cz\/bigy\/wp-json\/wp\/v2\/categories?post=11655"},{"taxonomy":"post_tag","embeddable":true,"href":"https:\/\/bigycb.cz\/bigy\/wp-json\/wp\/v2\/tags?post=11655"}],"curies":[{"name":"wp","href":"https:\/\/api.w.org\/{rel}","templated":true}]}}