{"id":11625,"date":"2026-04-28T08:00:32","date_gmt":"2026-04-28T06:00:32","guid":{"rendered":"https:\/\/bigycb.cz\/bigy\/?p=11625"},"modified":"2026-04-26T11:55:46","modified_gmt":"2026-04-26T09:55:46","slug":"erasmus-dvoutydenni-pobyt-v-linci","status":"publish","type":"post","link":"https:\/\/bigycb.cz\/bigy\/erasmus-dvoutydenni-pobyt-v-linci\/","title":{"rendered":"Erasmus+: Dvout\u00fddenn\u00ed pobyt v Linci"},"content":{"rendered":"<h1>Erasmus+: Dvout\u00fddenn\u00ed pobyt v Linci<\/h1>\n<p>Na za\u010d\u00e1tku b\u0159ezna se n\u011bkolik student\u016f z\u00fa\u010dastnilo dvout\u00fddenn\u00edho pobytu v rakousk\u00e9m Linci v r\u00e1mci programu Erasmus+. Pro mnoh\u00e9 z nich \u0161lo o prvn\u00ed podobnou zku\u0161enost, kter\u00e1 s sebou zpo\u010d\u00e1tku nesla i ur\u010dit\u00e9 obavy. Ty v\u0161ak rychle zmizely d\u00edky vst\u0159\u00edcn\u00e9mu p\u0159ijet\u00ed hostitelsk\u00fdmi rodinami, kter\u00e9 student\u016fm pomohly s adaptac\u00ed na nov\u00e9 prost\u0159ed\u00ed a staly se d\u016fle\u017eitou sou\u010d\u00e1st\u00ed cel\u00e9ho pobytu.<\/p>\n<p>B\u011bhem pracovn\u00edch dn\u016f studenti nav\u0161t\u011bvovali m\u00edstn\u00ed \u0161kolu, kter\u00e1 se v n\u011bkter\u00fdch p\u0159\u00edpadech nach\u00e1zela p\u0159\u00edmo v prostor\u00e1ch n\u00e1kupn\u00edho centra. Tento fakt byl pro mnoh\u00e9 p\u0159ekvapiv\u00fd, ale z\u00e1rove\u0148 praktick\u00fd. V\u00fduka se od \u010desk\u00e9ho syst\u00e9mu li\u0161ila \u2013 byla v\u00edce zam\u011b\u0159en\u00e1 na diskuzi, skupinovou pr\u00e1ci a projekty, co\u017e student\u016fm umo\u017enilo aktivn\u011bji se zapojit a nav\u00e1zat nov\u00e9 kontakty. Studenti m\u011bli mo\u017enost vyzkou\u0161et r\u016fzn\u00e9 obory, nap\u0159\u00edklad business, product management nebo fashion design, kde si dokonce mohli vytvo\u0159it vlastn\u00ed v\u00fdrobky.<br \/>\nZpo\u010d\u00e1tku byla pro n\u011bkter\u00e9 \u00fa\u010dastn\u00edky n\u00e1ro\u010dn\u00e1 jazykov\u00e1 bari\u00e9ra, zejm\u00e9na kv\u016fli rakousk\u00e9mu dialektu. Postupem \u010dasu si v\u0161ak na n\u011bm\u010dinu zvykli, zlep\u0161ili sv\u00e9 jazykov\u00e9 dovednosti a z\u00edskali v\u011bt\u0161\u00ed jistotu v komunikaci.<\/p>\n<p>Voln\u00fd \u010das tr\u00e1vili studenti r\u016fznorod\u00fdmi aktivitami. N\u011bkte\u0159\u00ed se v\u011bnovali sportu, nap\u0159\u00edklad cvi\u010den\u00ed ve fitness centru nebo ly\u017eov\u00e1n\u00ed s hostitelskou rodinou, jin\u00ed se zapojili do spole\u010densk\u00fdch akc\u00ed, jako byly plesy, tancov\u00e1n\u00ed \u010di spole\u010dn\u00e9 nakupov\u00e1n\u00ed. D\u016fle\u017eitou sou\u010d\u00e1st\u00ed pobytu byly tak\u00e9 v\u00edkendov\u00e9 v\u00fdlety \u2013 studenti nav\u0161t\u00edvili nap\u0159\u00edklad V\u00edde\u0148, Salzburg nebo vyhl\u00eddku P\u00f6stlingberg.<\/p>\n<p>Cel\u00fd pobyt byl pro v\u0161echny \u00fa\u010dastn\u00edky velmi p\u0159\u00ednosn\u00fd. P\u0159inesl jim nejen nov\u00e9 znalosti a zku\u0161enosti ze zahrani\u010dn\u00edho \u0161kolstv\u00ed, ale tak\u00e9 mo\u017enost poznat jinou kulturu, nav\u00e1zat nov\u00e1 p\u0159\u00e1telstv\u00ed a vyzkou\u0161et si \u017eivot mimo vlastn\u00ed komfortn\u00ed z\u00f3nu. Erasmus v Linci tak pro n\u011b p\u0159edstavoval cennou \u017eivotn\u00ed zku\u0161enost, na kterou budou dlouho vzpom\u00ednat.<\/p>\n<p><em>Eduard Turek, Lucie Velkov\u00e1, Alexandra Kol\u00ednov\u00e1 a Viktorie Molhanov\u00e1<\/em><\/p>\n<blockquote><p><em>\u201eFinancov\u00e1no Evropskou uni\u00ed. Vyj\u00e1d\u0159en\u00e9 n\u00e1zory a stanoviska p\u0159edstavuj\u00ed n\u00e1zory a stanoviska autor\u016f a nemus\u00ed nutn\u011b odr\u00e1\u017eet n\u00e1zory a stanoviska Evropsk\u00e9 unie nebo Domu zahrani\u010dn\u00ed spolupr\u00e1ce. Evropsk\u00e1 unie ani poskytovatel grantu za n\u011b nenesou odpov\u011bdnost.\u201c<\/em><\/p><\/blockquote>\n<hr \/>\n\n\t\t<style type=\"text\/css\">\n\t\t\t#gallery-1 {\n\t\t\t\tmargin: auto;\n\t\t\t}\n\t\t\t#gallery-1 .gallery-item {\n\t\t\t\tfloat: left;\n\t\t\t\tmargin-top: 10px;\n\t\t\t\ttext-align: center;\n\t\t\t\twidth: 25%;\n\t\t\t}\n\t\t\t#gallery-1 img {\n\t\t\t\tborder: 2px solid #cfcfcf;\n\t\t\t}\n\t\t\t#gallery-1 .gallery-caption {\n\t\t\t\tmargin-left: 0;\n\t\t\t}\n\t\t\t\/* see gallery_shortcode() in wp-includes\/media.php *\/\n\t\t<\/style>\n\t\t<div id='gallery-1' class='gallery galleryid-11625 gallery-columns-4 gallery-size-thumbnail'><dl class='gallery-item'>\n\t\t\t<dt class='gallery-icon landscape'>\n\t\t\t\t<a href='https:\/\/bigycb.cz\/bigy\/wp-content\/uploads\/Image13.png' rel=\"lightbox[11625]\"><img loading=\"lazy\" decoding=\"async\" width=\"150\" height=\"150\" src=\"https:\/\/bigycb.cz\/bigy\/wp-content\/uploads\/Image13-150x150.png\" class=\"attachment-thumbnail size-thumbnail\" alt=\"\" \/><\/a>\n\t\t\t<\/dt><\/dl><dl class='gallery-item'>\n\t\t\t<dt class='gallery-icon portrait'>\n\t\t\t\t<a href='https:\/\/bigycb.cz\/bigy\/wp-content\/uploads\/Image01-5.jpg' rel=\"lightbox[11625]\"><img loading=\"lazy\" decoding=\"async\" width=\"150\" height=\"150\" src=\"https:\/\/bigycb.cz\/bigy\/wp-content\/uploads\/Image01-5-150x150.jpg\" class=\"attachment-thumbnail size-thumbnail\" alt=\"\" \/><\/a>\n\t\t\t<\/dt><\/dl><dl class='gallery-item'>\n\t\t\t<dt class='gallery-icon landscape'>\n\t\t\t\t<a href='https:\/\/bigycb.cz\/bigy\/wp-content\/uploads\/Image02-5.jpg' rel=\"lightbox[11625]\"><img loading=\"lazy\" decoding=\"async\" width=\"150\" height=\"150\" src=\"https:\/\/bigycb.cz\/bigy\/wp-content\/uploads\/Image02-5-150x150.jpg\" class=\"attachment-thumbnail size-thumbnail\" alt=\"\" \/><\/a>\n\t\t\t<\/dt><\/dl><dl class='gallery-item'>\n\t\t\t<dt class='gallery-icon portrait'>\n\t\t\t\t<a href='https:\/\/bigycb.cz\/bigy\/wp-content\/uploads\/Image04-5.jpg' rel=\"lightbox[11625]\"><img loading=\"lazy\" decoding=\"async\" width=\"150\" height=\"150\" src=\"https:\/\/bigycb.cz\/bigy\/wp-content\/uploads\/Image04-5-150x150.jpg\" class=\"attachment-thumbnail size-thumbnail\" alt=\"\" \/><\/a>\n\t\t\t<\/dt><\/dl><br style=\"clear: both\" \/><dl class='gallery-item'>\n\t\t\t<dt class='gallery-icon portrait'>\n\t\t\t\t<a href='https:\/\/bigycb.cz\/bigy\/wp-content\/uploads\/Image06-5.jpg' rel=\"lightbox[11625]\"><img loading=\"lazy\" decoding=\"async\" width=\"150\" height=\"150\" src=\"https:\/\/bigycb.cz\/bigy\/wp-content\/uploads\/Image06-5-150x150.jpg\" class=\"attachment-thumbnail size-thumbnail\" alt=\"\" \/><\/a>\n\t\t\t<\/dt><\/dl><dl class='gallery-item'>\n\t\t\t<dt class='gallery-icon portrait'>\n\t\t\t\t<a href='https:\/\/bigycb.cz\/bigy\/wp-content\/uploads\/Image07-4.jpg' rel=\"lightbox[11625]\"><img loading=\"lazy\" decoding=\"async\" width=\"150\" height=\"150\" src=\"https:\/\/bigycb.cz\/bigy\/wp-content\/uploads\/Image07-4-150x150.jpg\" class=\"attachment-thumbnail size-thumbnail\" alt=\"\" \/><\/a>\n\t\t\t<\/dt><\/dl><dl class='gallery-item'>\n\t\t\t<dt class='gallery-icon landscape'>\n\t\t\t\t<a href='https:\/\/bigycb.cz\/bigy\/wp-content\/uploads\/Image12.jpg' rel=\"lightbox[11625]\"><img loading=\"lazy\" decoding=\"async\" width=\"150\" height=\"150\" src=\"https:\/\/bigycb.cz\/bigy\/wp-content\/uploads\/Image12-150x150.jpg\" class=\"attachment-thumbnail size-thumbnail\" alt=\"\" \/><\/a>\n\t\t\t<\/dt><\/dl><dl class='gallery-item'>\n\t\t\t<dt class='gallery-icon portrait'>\n\t\t\t\t<a href='https:\/\/bigycb.cz\/bigy\/wp-content\/uploads\/Image14.png' rel=\"lightbox[11625]\"><img loading=\"lazy\" decoding=\"async\" width=\"150\" height=\"150\" src=\"https:\/\/bigycb.cz\/bigy\/wp-content\/uploads\/Image14-150x150.png\" class=\"attachment-thumbnail size-thumbnail\" alt=\"\" \/><\/a>\n\t\t\t<\/dt><\/dl><br style=\"clear: both\" \/>\n\t\t<\/div>\n\n","protected":false},"excerpt":{"rendered":"<p>Erasmus+: Dvout\u00fddenn\u00ed pobyt v Linci Na za\u010d\u00e1tku b\u0159ezna se n\u011bkolik student\u016f z\u00fa\u010dastnilo dvout\u00fddenn\u00edho pobytu v rakousk\u00e9m Linci v r\u00e1mci programu&nbsp;<a href=\"https:\/\/bigycb.cz\/bigy\/erasmus-dvoutydenni-pobyt-v-linci\/\">&hellip;<\/a><\/p>\n","protected":false},"author":7,"featured_media":11633,"comment_status":"closed","ping_status":"closed","sticky":false,"template":"","format":"standard","meta":{"footnotes":""},"categories":[30],"tags":[38],"class_list":["post-11625","post","type-post","status-publish","format-standard","has-post-thumbnail","hentry","category-aktuality","tag-erasmus","odd"],"_links":{"self":[{"href":"https:\/\/bigycb.cz\/bigy\/wp-json\/wp\/v2\/posts\/11625","targetHints":{"allow":["GET"]}}],"collection":[{"href":"https:\/\/bigycb.cz\/bigy\/wp-json\/wp\/v2\/posts"}],"about":[{"href":"https:\/\/bigycb.cz\/bigy\/wp-json\/wp\/v2\/types\/post"}],"author":[{"embeddable":true,"href":"https:\/\/bigycb.cz\/bigy\/wp-json\/wp\/v2\/users\/7"}],"replies":[{"embeddable":true,"href":"https:\/\/bigycb.cz\/bigy\/wp-json\/wp\/v2\/comments?post=11625"}],"version-history":[{"count":2,"href":"https:\/\/bigycb.cz\/bigy\/wp-json\/wp\/v2\/posts\/11625\/revisions"}],"predecessor-version":[{"id":11636,"href":"https:\/\/bigycb.cz\/bigy\/wp-json\/wp\/v2\/posts\/11625\/revisions\/11636"}],"wp:featuredmedia":[{"embeddable":true,"href":"https:\/\/bigycb.cz\/bigy\/wp-json\/wp\/v2\/media\/11633"}],"wp:attachment":[{"href":"https:\/\/bigycb.cz\/bigy\/wp-json\/wp\/v2\/media?parent=11625"}],"wp:term":[{"taxonomy":"category","embeddable":true,"href":"https:\/\/bigycb.cz\/bigy\/wp-json\/wp\/v2\/categories?post=11625"},{"taxonomy":"post_tag","embeddable":true,"href":"https:\/\/bigycb.cz\/bigy\/wp-json\/wp\/v2\/tags?post=11625"}],"curies":[{"name":"wp","href":"https:\/\/api.w.org\/{rel}","templated":true}]}}