{"id":11580,"date":"2026-04-25T11:22:12","date_gmt":"2026-04-25T09:22:12","guid":{"rendered":"https:\/\/bigycb.cz\/bigy\/?p=11580"},"modified":"2026-04-27T07:49:55","modified_gmt":"2026-04-27T05:49:55","slug":"druhaci-na-dejepisne-exkurzi","status":"publish","type":"post","link":"https:\/\/bigycb.cz\/bigy\/druhaci-na-dejepisne-exkurzi\/","title":{"rendered":"Druh\u00e1ci na d\u011bjepisn\u00e9 exkurzi"},"content":{"rendered":"<h1>Druh\u00e1ci na d\u011bjepisn\u00e9 exkurzi<\/h1>\n<h2>S\u00a0d\u011bjepisem v Praze<\/h2>\n<p>Na\u0161e \u0161kola ka\u017edoro\u010dn\u011b po\u0159\u00e1d\u00e1 d\u011bjepisn\u00e9 exkurze pro druh\u00e9 ro\u010dn\u00edky vy\u0161\u0161\u00edho gymn\u00e1zia a my jsme si vybrali t\u0159\u00eddenn\u00ed proch\u00e1zku Prahou. Prvn\u00ed den, hned co jsme p\u0159ijeli a ubytovali se v hotelu ArtHarmony nedaleko V\u00e1clavsk\u00e9ho n\u00e1m\u011bst\u00ed, vydali jsme se na proch\u00e1zku po Star\u00e9 Praze sm\u011brem na Pra\u017esk\u00fd hrad, kde jsme m\u011bli p\u0159\u00edle\u017eitost na\u010derpat energii z historick\u00fdch staveb. A kam n\u00e1s no\u017eky nave\u010der zavedly? Kam jinam ne\u017e na Starom\u011bstsk\u00e9 n\u00e1m\u011bst\u00ed pod Orloj, akor\u00e1t v\u010das na ve\u010de\u0159i.<\/p>\n<p>Druh\u00fd den jsme pro\u017eili atent\u00e1t na Heydricha a pod\u00edvali se na osudy z\u00fa\u010dastn\u011bn\u00fdch para\u0161utist\u016f, vy\u0161plhali se na V\u00edtkov k pomn\u00edku Jana \u017di\u017eky, a nave\u010der jsme obl\u00e9kli ko\u0161ile a st\u0159ev\u00ed\u010dky a hur\u00e1 do Divadla ABC, kde se na jevi\u0161ti setkal M. Donutil se sv\u00fdm synem Martinem a zahr\u00e1li n\u00e1m Smrt obchodn\u00edho cestuj\u00edc\u00edho. T\u0159et\u00ed, a tedy i posledn\u00ed den jsme si zakoupili l\u00edstky na plavbu Titanikem, kde se ka\u017ed\u00fd mohl v\u017e\u00edt do role pasa\u017e\u00e9ra. Zp\u00e1te\u010dn\u00ed cestou do \u010cesk\u00fdch Bud\u011bjovic jsme m\u011bli \u010das vst\u0159ebat v\u0161echny z\u00e1\u017eitky a povypr\u00e1v\u011bt si, co se komu nejv\u00edce l\u00edbilo.<\/p>\n<p><em>Liliana Karf\u00edkov\u00e1, 4.E<\/em><\/p>\n\n\t\t<style type=\"text\/css\">\n\t\t\t#gallery-1 {\n\t\t\t\tmargin: auto;\n\t\t\t}\n\t\t\t#gallery-1 .gallery-item {\n\t\t\t\tfloat: left;\n\t\t\t\tmargin-top: 10px;\n\t\t\t\ttext-align: center;\n\t\t\t\twidth: 25%;\n\t\t\t}\n\t\t\t#gallery-1 img {\n\t\t\t\tborder: 2px solid #cfcfcf;\n\t\t\t}\n\t\t\t#gallery-1 .gallery-caption {\n\t\t\t\tmargin-left: 0;\n\t\t\t}\n\t\t\t\/* see gallery_shortcode() in wp-includes\/media.php *\/\n\t\t<\/style>\n\t\t<div id='gallery-1' class='gallery galleryid-11580 gallery-columns-4 gallery-size-thumbnail'><dl class='gallery-item'>\n\t\t\t<dt class='gallery-icon landscape'>\n\t\t\t\t<a href='https:\/\/bigycb.cz\/bigy\/wp-content\/uploads\/1000033527.jpg' rel=\"lightbox[11580]\"><img loading=\"lazy\" decoding=\"async\" width=\"150\" height=\"150\" src=\"https:\/\/bigycb.cz\/bigy\/wp-content\/uploads\/1000033527-150x150.jpg\" class=\"attachment-thumbnail size-thumbnail\" alt=\"\" \/><\/a>\n\t\t\t<\/dt><\/dl><dl class='gallery-item'>\n\t\t\t<dt class='gallery-icon landscape'>\n\t\t\t\t<a href='https:\/\/bigycb.cz\/bigy\/wp-content\/uploads\/1000033626.jpg' rel=\"lightbox[11580]\"><img loading=\"lazy\" decoding=\"async\" width=\"150\" height=\"150\" src=\"https:\/\/bigycb.cz\/bigy\/wp-content\/uploads\/1000033626-150x150.jpg\" class=\"attachment-thumbnail size-thumbnail\" alt=\"\" \/><\/a>\n\t\t\t<\/dt><\/dl><dl class='gallery-item'>\n\t\t\t<dt class='gallery-icon landscape'>\n\t\t\t\t<a href='https:\/\/bigycb.cz\/bigy\/wp-content\/uploads\/1000033649.jpg' rel=\"lightbox[11580]\"><img loading=\"lazy\" decoding=\"async\" width=\"150\" height=\"150\" src=\"https:\/\/bigycb.cz\/bigy\/wp-content\/uploads\/1000033649-150x150.jpg\" class=\"attachment-thumbnail size-thumbnail\" alt=\"\" \/><\/a>\n\t\t\t<\/dt><\/dl><dl class='gallery-item'>\n\t\t\t<dt class='gallery-icon landscape'>\n\t\t\t\t<a href='https:\/\/bigycb.cz\/bigy\/wp-content\/uploads\/IMG_5965.jpeg' rel=\"lightbox[11580]\"><img loading=\"lazy\" decoding=\"async\" width=\"150\" height=\"150\" src=\"https:\/\/bigycb.cz\/bigy\/wp-content\/uploads\/IMG_5965-150x150.jpeg\" class=\"attachment-thumbnail size-thumbnail\" alt=\"\" \/><\/a>\n\t\t\t<\/dt><\/dl><br style=\"clear: both\" \/>\n\t\t<\/div>\n\n<hr \/>\n<h2>S d\u011bjepisem v Olomouci<\/h2>\n<p>Ve dnech 7.- 9. dubna jsme se nap\u0159\u00ed\u010d t\u0159\u00eddami 2. ro\u010dn\u00edku vy\u0161\u0161\u00edho gymn\u00e1zia spolu s \u017e\u00e1ky d\u011bjepisn\u00e9ho semin\u00e1\u0159e vydali na t\u0159\u00eddenn\u00ed d\u011bjepisnou exkurzi do Olomouce. Prvn\u00ed den cesty jsme vyrazili ji\u017e v rann\u00edch hodin\u00e1ch autobusem sm\u011brem do N\u00e1m\u011b\u0161ti nad Oslavou, kde jsme absolvovali prohl\u00eddku renesan\u010dn\u00edho z\u00e1mku a b\u00fdval\u00e9ho letn\u00edho s\u00eddla prezidenta E. Bene\u0161e. Na\u0161e druh\u00e1 zast\u00e1vka byla v Krom\u011b\u0159\u00ed\u017ei a to konkr\u00e9tn\u011b v Arcibiskupsk\u00e9m z\u00e1mku a jeho podz\u00e1meck\u00fdch zahrad\u00e1ch. Uchv\u00e1tily n\u00e1s prostory, kde se nat\u00e1\u010del Forman\u016fv Amadeus a kde se konala rozhoduj\u00edc\u00ed politick\u00e1 jedn\u00e1n\u00ed velik\u00e1n\u016f 19.stolet\u00ed.<\/p>\n<p>Po t\u00e9to prohl\u00eddce jsme u\u017e vyrazili do Olomouce s doprovodem p\u00edsn\u00ed, nat\u011b\u0161en\u00ed na kr\u00e1sn\u00fd hostel, kter\u00fd pro n\u00e1s vybrala pan\u00ed u\u010ditelka. Druh\u00fd den jsme vyrazili na prohl\u00eddku hradu s katedr\u00e1lou sv. V\u00e1clava v Olomouci a Zd\u00edk\u016fv pal\u00e1c. N\u00e1sledn\u011b jsme si pro\u0161li s v\u00fdkladem centrum m\u011bsta Olomouc vid\u011bli jej\u00ed slavn\u00fd orloj, n\u00e1dhernou goticko renesan\u010dn\u00ed radnici a barokn\u00ed ka\u0161ny v centru. Sloup Nejsv\u011bt\u011bj\u0161\u00ed trojice byl bohu\u017eel opravov\u00e1n, tak\u017ee bylo vid\u011bt jenom le\u0161en\u00ed, kter\u00e9 ho obklopovalo:(. To n\u00e1m ale n\u00e1ladu nezkazilo a pokra\u010dovali jsme do poutn\u00edho are\u00e1lu Svat\u00fd kope\u010dek. Mimo \u00fa\u017easnou prohl\u00eddku jsme se tak\u00e9 kochali nekone\u010dn\u00fdm v\u00fdhledem.<\/p>\n<p>T\u0159et\u00ed den zapo\u010dal proch\u00e1zkou k bastionov\u00e9 pevnosti a barokn\u00ed prach\u00e1rn\u011b. Byli jsme velmi p\u0159ekvapeni pevnostn\u00edm syst\u00e9mem Olomouce, syst\u00e9mem chodeb a pevnostn\u00edch zd\u00ed. Pot\u00e9 u\u017e se na\u0161e exkurze pomalu ch\u00fdlila ke konci a my se vydali na na\u0161i posledn\u00ed prohl\u00eddku do premonstr\u00e1tsk\u00e9ho kl\u00e1\u0161tera \u2013 Hradisko. Cel\u00ed unaven\u00ed jsme po cest\u011b p\u0159ev\u00e1\u017en\u011b spali ale na\u0161t\u011bst\u00ed jsme zp\u011bt do \u010cesk\u00fdch Bud\u011bjovic dorazili bezpe\u010dn\u011b a ve zdrav\u00ed.<\/p>\n<p>P\u0159\u00edle\u017eitost poznat Olomouc byla opravdu v\u00fdjime\u010dn\u00e1. Mnoz\u00ed z n\u00e1s zde byli poprv\u00e9 a kone\u010dn\u011b jsme pochopili, pro\u010d je toto m\u011bsto pova\u017eov\u00e1no za perlu \u010desk\u00e9 historie, pro\u010d pr\u00e1v\u011b zde vzniklo na\u0161e druh\u00e9 biskupstv\u00ed, \u017ee i zde bylo jedno z center Velk\u00e9 Moravy a tak\u00e9 jsme nev\u011bd\u011bli, \u017ee pr\u00e1v\u011b v Olomouci jsou poh\u0159ben\u00ed p\u0159edstavitel\u00e9 vedlej\u0161\u00ed p\u0159emyslovsk\u00e9 v\u011btve.<\/p>\n<p>Velice d\u011bkujeme \u0161kole, pan\u00ed u\u010ditelce Hesounov\u00e9 a pan\u00ed u\u010ditelce Br\u00e1zdov\u00e9 za \u00fa\u017easnou exkurzi a douf\u00e1me, \u017ee dal\u0161\u00ed ro\u010dn\u00edky si to u\u017eij\u00ed alespo\u0148 stejn\u011b jako my.<\/p>\n<p><em>Kl\u00e1ra Pr\u00e1\u0161kov\u00e1, 2.C<\/em><\/p>\n\n\t\t<style type=\"text\/css\">\n\t\t\t#gallery-2 {\n\t\t\t\tmargin: auto;\n\t\t\t}\n\t\t\t#gallery-2 .gallery-item {\n\t\t\t\tfloat: left;\n\t\t\t\tmargin-top: 10px;\n\t\t\t\ttext-align: center;\n\t\t\t\twidth: 25%;\n\t\t\t}\n\t\t\t#gallery-2 img {\n\t\t\t\tborder: 2px solid #cfcfcf;\n\t\t\t}\n\t\t\t#gallery-2 .gallery-caption {\n\t\t\t\tmargin-left: 0;\n\t\t\t}\n\t\t\t\/* see gallery_shortcode() in wp-includes\/media.php *\/\n\t\t<\/style>\n\t\t<div id='gallery-2' class='gallery galleryid-11580 gallery-columns-4 gallery-size-thumbnail'><dl class='gallery-item'>\n\t\t\t<dt class='gallery-icon landscape'>\n\t\t\t\t<a href='https:\/\/bigycb.cz\/bigy\/wp-content\/uploads\/0cc478a2-65a3-4c9a-8449-9975a798601b.jpeg' rel=\"lightbox[11580]\"><img loading=\"lazy\" decoding=\"async\" width=\"150\" height=\"150\" src=\"https:\/\/bigycb.cz\/bigy\/wp-content\/uploads\/0cc478a2-65a3-4c9a-8449-9975a798601b-150x150.jpeg\" class=\"attachment-thumbnail size-thumbnail\" alt=\"\" \/><\/a>\n\t\t\t<\/dt><\/dl><dl class='gallery-item'>\n\t\t\t<dt class='gallery-icon landscape'>\n\t\t\t\t<a href='https:\/\/bigycb.cz\/bigy\/wp-content\/uploads\/3206a54a-037b-4fff-9260-f6eb0d2f0aba.jpeg' rel=\"lightbox[11580]\"><img loading=\"lazy\" decoding=\"async\" width=\"150\" height=\"150\" src=\"https:\/\/bigycb.cz\/bigy\/wp-content\/uploads\/3206a54a-037b-4fff-9260-f6eb0d2f0aba-150x150.jpeg\" class=\"attachment-thumbnail size-thumbnail\" alt=\"\" \/><\/a>\n\t\t\t<\/dt><\/dl><dl class='gallery-item'>\n\t\t\t<dt class='gallery-icon landscape'>\n\t\t\t\t<a href='https:\/\/bigycb.cz\/bigy\/wp-content\/uploads\/ab838bae-8cec-44a8-9806-f59bdd2fee55.jpeg' rel=\"lightbox[11580]\"><img loading=\"lazy\" decoding=\"async\" width=\"150\" height=\"150\" src=\"https:\/\/bigycb.cz\/bigy\/wp-content\/uploads\/ab838bae-8cec-44a8-9806-f59bdd2fee55-150x150.jpeg\" class=\"attachment-thumbnail size-thumbnail\" alt=\"\" \/><\/a>\n\t\t\t<\/dt><\/dl><dl class='gallery-item'>\n\t\t\t<dt class='gallery-icon landscape'>\n\t\t\t\t<a href='https:\/\/bigycb.cz\/bigy\/wp-content\/uploads\/fb71dc8f-01ee-4137-9999-5619bec900e6.jpeg' rel=\"lightbox[11580]\"><img loading=\"lazy\" decoding=\"async\" width=\"150\" height=\"150\" src=\"https:\/\/bigycb.cz\/bigy\/wp-content\/uploads\/fb71dc8f-01ee-4137-9999-5619bec900e6-150x150.jpeg\" class=\"attachment-thumbnail size-thumbnail\" alt=\"\" \/><\/a>\n\t\t\t<\/dt><\/dl><br style=\"clear: both\" \/>\n\t\t<\/div>\n\n<hr \/>\n<h2>D\u011bjepisn\u00e1 exkurze v Brn\u011b<\/h2>\n<p>V \u00fater\u00fd 7. dubna pro druh\u00e9 ro\u010dn\u00edky vy\u0161\u0161\u00edho gymn\u00e1zia neza\u010dala \u0161kola po Velikonoc\u00edch tak \u0161patn\u011b. V osm hodin r\u00e1no jsme toti\u017e vyrazili od BiGy sm\u011brem na Tel\u010d, kde jsme si prohl\u00e9dli m\u00edstn\u00ed z\u00e1mek a hlavn\u00ed n\u00e1m\u011bst\u00ed Zachari\u00e1\u0161e z Hradce. Pot\u00e9 jsme se vydali do Brna, kde n\u00e1sledovalo ubytov\u00e1n\u00ed, prohl\u00eddka kasemat hradu \u0160pilberk a historick\u00e9ho centra. Na \u0160pilberku n\u00e1s p\u0159iv\u00edtala mil\u00e1 pan\u00ed pr\u016fvodkyn\u011b s kr\u00e1sn\u00fdm brn\u011bnsk\u00fdm p\u0159\u00edzvukem :). Historick\u00e1 prohl\u00eddka m\u011bsta prob\u011bhla s je\u0161t\u011b lep\u0161\u00edm pr\u016fvodcem, a to panem u\u010ditelem Hermannem ;).<\/p>\n<p>Druh\u00fd den r\u00e1no jsme se vypravili do Vily Tugendhat. \u010cekala n\u00e1s prohl\u00eddka nejen vily, ale i zahrad kolem n\u00ed. Po prohl\u00eddce jsme m\u011bli rozchod na ob\u011bd a pot\u00e9 jsme se vydali do Rajhradu. V Rajhrad\u011b n\u00e1s provedl m\u00edstn\u00edm kl\u00e1\u0161terem mil\u00fd p\u00e1n a tak\u00e9 n\u00e1m uk\u00e1zal jednu z nejv\u011bt\u0161\u00edch kl\u00e1\u0161tern\u00edch knihoven v \u010cesk\u00e9 republice. Ten sam\u00fd den ve\u010der jsme \u0161li do divadla Reduta na divadeln\u00ed hru Matka od Karla \u010capka, kter\u00e1 by se n\u00e1m jednou mohla hodit k maturit\u011b.<\/p>\n<p>Ve \u010dtvrtek r\u00e1no jsme si sbalili sv\u00e9 v\u011bci a vyrazili autobusem do Slavkova. Tam n\u00e1s \u010dekala prohl\u00eddka z\u00e1mku a pot\u00e9 jsme i s panem pr\u016fvodcem obj\u00ed\u017ed\u011bli kl\u00ed\u010dov\u00e1 m\u00edsta bitvy u Slavkova. Pak u\u017e n\u00e1sledovala jen cesta zp\u00e1tky ke \u0161kole do \u010cesk\u00fdch Bud\u011bjovic.<\/p>\n<p>Moc d\u011bkujeme panu u\u010diteli Hermannovi a pan\u00ed u\u010ditelce Farkov\u00e9 za kr\u00e1snou a obohacuj\u00edc\u00ed exkurzi!<\/p>\n<p><em>Sofie B\u00edl\u00e1 a Elen Z\u00e1me\u010dn\u00edkov\u00e1, 4.N<\/em><\/p>\n\n\t\t<style type=\"text\/css\">\n\t\t\t#gallery-3 {\n\t\t\t\tmargin: auto;\n\t\t\t}\n\t\t\t#gallery-3 .gallery-item {\n\t\t\t\tfloat: left;\n\t\t\t\tmargin-top: 10px;\n\t\t\t\ttext-align: center;\n\t\t\t\twidth: 25%;\n\t\t\t}\n\t\t\t#gallery-3 img {\n\t\t\t\tborder: 2px solid #cfcfcf;\n\t\t\t}\n\t\t\t#gallery-3 .gallery-caption {\n\t\t\t\tmargin-left: 0;\n\t\t\t}\n\t\t\t\/* see gallery_shortcode() in wp-includes\/media.php *\/\n\t\t<\/style>\n\t\t<div id='gallery-3' class='gallery galleryid-11580 gallery-columns-4 gallery-size-thumbnail'><dl class='gallery-item'>\n\t\t\t<dt class='gallery-icon portrait'>\n\t\t\t\t<a href='https:\/\/bigycb.cz\/bigy\/wp-content\/uploads\/4dc9525f-a28f-42d1-bef1-7fa6297a86da.jpeg' rel=\"lightbox[11580]\"><img loading=\"lazy\" decoding=\"async\" width=\"150\" height=\"150\" src=\"https:\/\/bigycb.cz\/bigy\/wp-content\/uploads\/4dc9525f-a28f-42d1-bef1-7fa6297a86da-150x150.jpeg\" class=\"attachment-thumbnail size-thumbnail\" alt=\"\" \/><\/a>\n\t\t\t<\/dt><\/dl><dl class='gallery-item'>\n\t\t\t<dt class='gallery-icon landscape'>\n\t\t\t\t<a href='https:\/\/bigycb.cz\/bigy\/wp-content\/uploads\/a2745148-ea2c-4fe6-a538-f10b7b16b4ea.jpeg' rel=\"lightbox[11580]\"><img loading=\"lazy\" decoding=\"async\" width=\"150\" height=\"150\" src=\"https:\/\/bigycb.cz\/bigy\/wp-content\/uploads\/a2745148-ea2c-4fe6-a538-f10b7b16b4ea-150x150.jpeg\" class=\"attachment-thumbnail size-thumbnail\" alt=\"\" \/><\/a>\n\t\t\t<\/dt><\/dl><dl class='gallery-item'>\n\t\t\t<dt class='gallery-icon landscape'>\n\t\t\t\t<a href='https:\/\/bigycb.cz\/bigy\/wp-content\/uploads\/bd64b1c8-d7f7-455c-9578-2e56471b8f26.jpeg' rel=\"lightbox[11580]\"><img loading=\"lazy\" decoding=\"async\" width=\"150\" height=\"150\" src=\"https:\/\/bigycb.cz\/bigy\/wp-content\/uploads\/bd64b1c8-d7f7-455c-9578-2e56471b8f26-150x150.jpeg\" class=\"attachment-thumbnail size-thumbnail\" alt=\"\" \/><\/a>\n\t\t\t<\/dt><\/dl><dl class='gallery-item'>\n\t\t\t<dt class='gallery-icon landscape'>\n\t\t\t\t<a href='https:\/\/bigycb.cz\/bigy\/wp-content\/uploads\/fb1cb10e-0bdc-42db-8a87-fedeb68c2d90.jpeg' rel=\"lightbox[11580]\"><img loading=\"lazy\" decoding=\"async\" width=\"150\" height=\"150\" src=\"https:\/\/bigycb.cz\/bigy\/wp-content\/uploads\/fb1cb10e-0bdc-42db-8a87-fedeb68c2d90-150x150.jpeg\" class=\"attachment-thumbnail size-thumbnail\" alt=\"\" \/><\/a>\n\t\t\t<\/dt><\/dl><br style=\"clear: both\" \/>\n\t\t<\/div>\n\n<p>&nbsp;<\/p>\n","protected":false},"excerpt":{"rendered":"<p>Druh\u00e1ci na d\u011bjepisn\u00e9 exkurzi S\u00a0d\u011bjepisem v Praze Na\u0161e \u0161kola ka\u017edoro\u010dn\u011b po\u0159\u00e1d\u00e1 d\u011bjepisn\u00e9 exkurze pro druh\u00e9 ro\u010dn\u00edky vy\u0161\u0161\u00edho gymn\u00e1zia a my&nbsp;<a href=\"https:\/\/bigycb.cz\/bigy\/druhaci-na-dejepisne-exkurzi\/\">&hellip;<\/a><\/p>\n","protected":false},"author":7,"featured_media":11638,"comment_status":"closed","ping_status":"closed","sticky":false,"template":"","format":"standard","meta":{"footnotes":""},"categories":[30],"tags":[42],"class_list":["post-11580","post","type-post","status-publish","format-standard","has-post-thumbnail","hentry","category-aktuality","tag-dejepis","odd"],"_links":{"self":[{"href":"https:\/\/bigycb.cz\/bigy\/wp-json\/wp\/v2\/posts\/11580","targetHints":{"allow":["GET"]}}],"collection":[{"href":"https:\/\/bigycb.cz\/bigy\/wp-json\/wp\/v2\/posts"}],"about":[{"href":"https:\/\/bigycb.cz\/bigy\/wp-json\/wp\/v2\/types\/post"}],"author":[{"embeddable":true,"href":"https:\/\/bigycb.cz\/bigy\/wp-json\/wp\/v2\/users\/7"}],"replies":[{"embeddable":true,"href":"https:\/\/bigycb.cz\/bigy\/wp-json\/wp\/v2\/comments?post=11580"}],"version-history":[{"count":7,"href":"https:\/\/bigycb.cz\/bigy\/wp-json\/wp\/v2\/posts\/11580\/revisions"}],"predecessor-version":[{"id":11660,"href":"https:\/\/bigycb.cz\/bigy\/wp-json\/wp\/v2\/posts\/11580\/revisions\/11660"}],"wp:featuredmedia":[{"embeddable":true,"href":"https:\/\/bigycb.cz\/bigy\/wp-json\/wp\/v2\/media\/11638"}],"wp:attachment":[{"href":"https:\/\/bigycb.cz\/bigy\/wp-json\/wp\/v2\/media?parent=11580"}],"wp:term":[{"taxonomy":"category","embeddable":true,"href":"https:\/\/bigycb.cz\/bigy\/wp-json\/wp\/v2\/categories?post=11580"},{"taxonomy":"post_tag","embeddable":true,"href":"https:\/\/bigycb.cz\/bigy\/wp-json\/wp\/v2\/tags?post=11580"}],"curies":[{"name":"wp","href":"https:\/\/api.w.org\/{rel}","templated":true}]}}