{"id":11417,"date":"2026-03-30T13:29:44","date_gmt":"2026-03-30T11:29:44","guid":{"rendered":"https:\/\/bigycb.cz\/bigy\/?p=11417"},"modified":"2026-03-30T13:29:44","modified_gmt":"2026-03-30T11:29:44","slug":"krajske-kolo-olympiady-ve-francouzskem-jazyce","status":"publish","type":"post","link":"https:\/\/bigycb.cz\/bigy\/krajske-kolo-olympiady-ve-francouzskem-jazyce\/","title":{"rendered":"Krajsk\u00e9 kolo olympi\u00e1dy ve francouzsk\u00e9m jazyce"},"content":{"rendered":"<h1>Krajsk\u00e9 kolo olympi\u00e1dy ve francouzsk\u00e9m jazyce<\/h1>\n<p>Na\u0161i studenti se 19. b\u0159ezna 2026 z\u00fa\u010dastnili krajsk\u00e9ho kola olympi\u00e1dy ve francouzsk\u00e9m jazyce. V kategorii Z\u0160\/VG II se Ema V\u00edtkov\u00e1 a Ema Gruberov\u00e1 (2.F) um\u00edstily na 1. a 2. m\u00edst\u011b! Ob\u011bma moc gratulujeme.<\/p>\n<p>Em\u011b V\u00edtkov\u00e9, kter\u00e1 postupuje do n\u00e1rodn\u00edho kola, dr\u017e\u00edme palce a ostatn\u00edm \u00fa\u010dastn\u00edk\u016fm krajsk\u00e9ho kola d\u011bkujeme za reprezentaci \u0161koly.<\/p>\n<p><em>Za vyu\u010duj\u00edc\u00ed francouzsk\u00e9ho jazyka Mgr. Eva Kadlecov\u00e1<\/em><\/p>\n<hr \/>\n\n\t\t<style type=\"text\/css\">\n\t\t\t#gallery-1 {\n\t\t\t\tmargin: auto;\n\t\t\t}\n\t\t\t#gallery-1 .gallery-item {\n\t\t\t\tfloat: left;\n\t\t\t\tmargin-top: 10px;\n\t\t\t\ttext-align: center;\n\t\t\t\twidth: 100%;\n\t\t\t}\n\t\t\t#gallery-1 img {\n\t\t\t\tborder: 2px solid #cfcfcf;\n\t\t\t}\n\t\t\t#gallery-1 .gallery-caption {\n\t\t\t\tmargin-left: 0;\n\t\t\t}\n\t\t\t\/* see gallery_shortcode() in wp-includes\/media.php *\/\n\t\t<\/style>\n\t\t<div id='gallery-1' class='gallery galleryid-11417 gallery-columns-1 gallery-size-thumbnail'><dl class='gallery-item'>\n\t\t\t<dt class='gallery-icon portrait'>\n\t\t\t\t<a href='https:\/\/bigycb.cz\/bigy\/wp-content\/uploads\/IMG_4331-2-e1774870111228.jpg' rel=\"lightbox[11417]\"><img loading=\"lazy\" decoding=\"async\" width=\"150\" height=\"150\" src=\"https:\/\/bigycb.cz\/bigy\/wp-content\/uploads\/IMG_4331-2-150x150.jpg\" class=\"attachment-thumbnail size-thumbnail\" alt=\"\" \/><\/a>\n\t\t\t<\/dt><\/dl><br style=\"clear: both\" \/>\n\t\t<\/div>\n\n","protected":false},"excerpt":{"rendered":"<p>Krajsk\u00e9 kolo olympi\u00e1dy ve francouzsk\u00e9m jazyce Na\u0161i studenti se 19. b\u0159ezna 2026 z\u00fa\u010dastnili krajsk\u00e9ho kola olympi\u00e1dy ve francouzsk\u00e9m jazyce. V&nbsp;<a href=\"https:\/\/bigycb.cz\/bigy\/krajske-kolo-olympiady-ve-francouzskem-jazyce\/\">&hellip;<\/a><\/p>\n","protected":false},"author":7,"featured_media":11420,"comment_status":"closed","ping_status":"closed","sticky":false,"template":"","format":"standard","meta":{"footnotes":""},"categories":[30,35],"tags":[44],"class_list":["post-11417","post","type-post","status-publish","format-standard","has-post-thumbnail","hentry","category-aktuality","category-uspechy","tag-francouzsky-jazyk","odd"],"_links":{"self":[{"href":"https:\/\/bigycb.cz\/bigy\/wp-json\/wp\/v2\/posts\/11417","targetHints":{"allow":["GET"]}}],"collection":[{"href":"https:\/\/bigycb.cz\/bigy\/wp-json\/wp\/v2\/posts"}],"about":[{"href":"https:\/\/bigycb.cz\/bigy\/wp-json\/wp\/v2\/types\/post"}],"author":[{"embeddable":true,"href":"https:\/\/bigycb.cz\/bigy\/wp-json\/wp\/v2\/users\/7"}],"replies":[{"embeddable":true,"href":"https:\/\/bigycb.cz\/bigy\/wp-json\/wp\/v2\/comments?post=11417"}],"version-history":[{"count":1,"href":"https:\/\/bigycb.cz\/bigy\/wp-json\/wp\/v2\/posts\/11417\/revisions"}],"predecessor-version":[{"id":11421,"href":"https:\/\/bigycb.cz\/bigy\/wp-json\/wp\/v2\/posts\/11417\/revisions\/11421"}],"wp:featuredmedia":[{"embeddable":true,"href":"https:\/\/bigycb.cz\/bigy\/wp-json\/wp\/v2\/media\/11420"}],"wp:attachment":[{"href":"https:\/\/bigycb.cz\/bigy\/wp-json\/wp\/v2\/media?parent=11417"}],"wp:term":[{"taxonomy":"category","embeddable":true,"href":"https:\/\/bigycb.cz\/bigy\/wp-json\/wp\/v2\/categories?post=11417"},{"taxonomy":"post_tag","embeddable":true,"href":"https:\/\/bigycb.cz\/bigy\/wp-json\/wp\/v2\/tags?post=11417"}],"curies":[{"name":"wp","href":"https:\/\/api.w.org\/{rel}","templated":true}]}}