{"id":11401,"date":"2026-03-29T08:00:09","date_gmt":"2026-03-29T06:00:09","guid":{"rendered":"https:\/\/bigycb.cz\/bigy\/?p=11401"},"modified":"2026-04-21T08:36:11","modified_gmt":"2026-04-21T06:36:11","slug":"erasmus-mesicni-pobyt-v-castellonu","status":"publish","type":"post","link":"https:\/\/bigycb.cz\/bigy\/erasmus-mesicni-pobyt-v-castellonu\/","title":{"rendered":"Erasmus+: M\u011bs\u00ed\u010dn\u00ed pobyt v Castell\u00f3nu"},"content":{"rendered":"<h1>Erasmus+: M\u011bs\u00ed\u010dn\u00ed pobyt v Castell\u00f3nu<\/h1>\n<p>V Castell\u00f3nu de la Plana jsem str\u00e1vila \u010dty\u0159i t\u00fddny. Byla jsem ubytovan\u00e1 ve \u010dty\u0159\u010dlenn\u00e9 \u0161pan\u011blsk\u00e9 rodin\u011b. Moje \u0161pan\u011blsk\u00e1 sestra se jmenovala Isabel a jej\u00ed star\u0161\u00ed sestra Libertad. Ve v\u0161edn\u00ed den jsem vst\u00e1vala ve \u010dtvrt na osm a \u0161kola za\u010d\u00ednala v osm. Byla to starobyl\u00e1 budova. M\u011bla kr\u00e1sn\u00e9 malby z venku a chodby byly zdoben\u00e9 podloub\u00edm. Docela m\u011b tam p\u0159ekvapilo, \u017ee hodiny zde trvaj\u00ed pades\u00e1t p\u011bt minut a mezi hodinami nejsou p\u0159est\u00e1vky. Pouze maj\u00ed jednu dvaceti p\u011bti minutovou p\u0159est\u00e1vku na j\u00eddlo a setk\u00e1n\u00ed se s kamar\u00e1dy z ostatn\u00edch t\u0159\u00edd. Ve \u0161kole m\u011b nejv\u00edce bavila hodina d\u011bjepisu a t\u011blesn\u00e9 v\u00fdchovy.<\/p>\n<p>Po \u0161kole jsme \u0161li dom\u016f na ob\u011bd a pak jsme m\u011bli siestu. Kdy\u017e dorazili rodi\u010de z pr\u00e1ce, v\u011bt\u0161inou jsme vyrazili na jejich chatu, kter\u00e1 se nach\u00e1zela na okraji m\u011bsta kousek od mo\u0159e. Tam m\u011bli sv\u00e9 dva psy, ko\u010dky a tak\u00e9 tam chovali slepice. Kdy\u017e jsme p\u0159ijeli zp\u00e1tky dom\u016f, ob\u010das jsem chodila do posilovny s Libertad. Kolem p\u016fl jeden\u00e1ct\u00e9 jsme ve\u010de\u0159eli. Sp\u00e1t jsem chodila kolem p\u016flnoci. O v\u00edkendu jsme v\u017edy vyrazili na n\u011bjak\u00fd v\u00fdlet. Nav\u0161t\u00edvila jsem pam\u00e1tky a okoln\u00ed p\u0159\u00edrodu Castell\u00f3nu, Valencii a tak\u00e9 Portugalsko a jeho hlavn\u00ed m\u011bsto Lisabon. Tedy p\u0159ejeli jsme cel\u00fd Pyrenejsk\u00fd poloostrov z v\u00fdchodu na z\u00e1pad. Tento pobyt se mi opravdu l\u00edbil. Zlep\u0161ila jsem se ve \u0161pan\u011bl\u0161tin\u011b, z\u00edskala nov\u00e9 zku\u0161enosti a poznala mnoho mil\u00fdch a p\u0159\u00e1telsk\u00fdch lid\u00ed.<\/p>\n<p><em>Vlasta Van\u011b\u010dkov\u00e1, 5.E<\/em><\/p>\n<hr \/>\n<p>B\u011bhem \u010dty\u0159t\u00fddenn\u00edho pobytu v Castell\u00f3nu v r\u00e1mci Erasmu jsem za\u017eil mnoho nov\u00fdch v\u011bc\u00ed, kter\u00e9 bych bez toho nikdy nevid\u011bl. Nejv\u00edce rozd\u00edln\u00e9 v\u011bci byla \u0161kola a \u010das ve kter\u00fd jsme jedli, a\u0165 u\u017e sn\u00eddani, ob\u011bd nebo ve\u010de\u0159i. Celkov\u011b byl cel\u00fd ka\u017edodenn\u00ed \u017eivot odli\u0161n\u00fd a to \u017ee se mluvilo valencij\u0161tinou tak\u00e9 komplikovalo komunikaci a porozum\u011bn\u00ed l\u00e1tce p\u0159i hodin\u00e1ch.<\/p>\n<p>Ve voln\u00e9m \u010dase jsme chodili po m\u011bst\u011b na j\u00eddlo nebo d\u011blali jin\u00e9 z\u00e1bavn\u00e9 aktivity, u kter\u00fdch jsem vid\u011bl rozd\u00edlnou kulturu a hlavn\u011b jsem ochutnal mnoho \u0161pan\u011blsk\u00fdch j\u00eddel. Tak\u00e9 se hodn\u011b od \u010ceska li\u0161\u00ed lid\u00e9, kte\u0159\u00ed mi p\u0159i\u0161li v\u00edce usm\u011bvav\u00ed a po\u0159\u00e1d cht\u011bli o n\u011b\u010dem mluvit. Celkov\u011b mi v\u00fdm\u011bnn\u00fd pobyt v Castell\u00f3nu pomohl nejen v mluven\u00ed ciz\u00edmy jazyky, ale i v samostatnosti a sebev\u011bdom\u00ed.<\/p>\n<p><em>Franti\u0161ek Szab\u00f3, 4.E<\/em><\/p>\n<blockquote><p><em>\u201eFinancov\u00e1no Evropskou uni\u00ed. Vyj\u00e1d\u0159en\u00e9 n\u00e1zory a stanoviska p\u0159edstavuj\u00ed n\u00e1zory a stanoviska autor\u016f a nemus\u00ed nutn\u011b odr\u00e1\u017eet n\u00e1zory a stanoviska Evropsk\u00e9 unie nebo Domu zahrani\u010dn\u00ed spolupr\u00e1ce. Evropsk\u00e1 unie ani poskytovatel grantu za n\u011b nenesou odpov\u011bdnost.\u201c<\/em><\/p><\/blockquote>\n<hr \/>\n\n\t\t<style type=\"text\/css\">\n\t\t\t#gallery-1 {\n\t\t\t\tmargin: auto;\n\t\t\t}\n\t\t\t#gallery-1 .gallery-item {\n\t\t\t\tfloat: left;\n\t\t\t\tmargin-top: 10px;\n\t\t\t\ttext-align: center;\n\t\t\t\twidth: 25%;\n\t\t\t}\n\t\t\t#gallery-1 img {\n\t\t\t\tborder: 2px solid #cfcfcf;\n\t\t\t}\n\t\t\t#gallery-1 .gallery-caption {\n\t\t\t\tmargin-left: 0;\n\t\t\t}\n\t\t\t\/* see gallery_shortcode() in wp-includes\/media.php *\/\n\t\t<\/style>\n\t\t<div id='gallery-1' class='gallery galleryid-11401 gallery-columns-4 gallery-size-thumbnail'><dl class='gallery-item'>\n\t\t\t<dt class='gallery-icon landscape'>\n\t\t\t\t<a href='https:\/\/bigycb.cz\/bigy\/wp-content\/uploads\/Image08-1.jpg' rel=\"lightbox[11401]\"><img loading=\"lazy\" decoding=\"async\" width=\"150\" height=\"150\" src=\"https:\/\/bigycb.cz\/bigy\/wp-content\/uploads\/Image08-1-150x150.jpg\" class=\"attachment-thumbnail size-thumbnail\" alt=\"\" \/><\/a>\n\t\t\t<\/dt><\/dl><dl class='gallery-item'>\n\t\t\t<dt class='gallery-icon landscape'>\n\t\t\t\t<a href='https:\/\/bigycb.cz\/bigy\/wp-content\/uploads\/Image01-4.jpg' rel=\"lightbox[11401]\"><img loading=\"lazy\" decoding=\"async\" width=\"150\" height=\"150\" src=\"https:\/\/bigycb.cz\/bigy\/wp-content\/uploads\/Image01-4-150x150.jpg\" class=\"attachment-thumbnail size-thumbnail\" alt=\"\" \/><\/a>\n\t\t\t<\/dt><\/dl><dl class='gallery-item'>\n\t\t\t<dt class='gallery-icon portrait'>\n\t\t\t\t<a href='https:\/\/bigycb.cz\/bigy\/wp-content\/uploads\/Image02-4.jpg' rel=\"lightbox[11401]\"><img loading=\"lazy\" decoding=\"async\" width=\"150\" height=\"150\" src=\"https:\/\/bigycb.cz\/bigy\/wp-content\/uploads\/Image02-4-150x150.jpg\" class=\"attachment-thumbnail size-thumbnail\" alt=\"\" \/><\/a>\n\t\t\t<\/dt><\/dl><dl class='gallery-item'>\n\t\t\t<dt class='gallery-icon portrait'>\n\t\t\t\t<a href='https:\/\/bigycb.cz\/bigy\/wp-content\/uploads\/Image03-4.jpg' rel=\"lightbox[11401]\"><img loading=\"lazy\" decoding=\"async\" width=\"150\" height=\"150\" src=\"https:\/\/bigycb.cz\/bigy\/wp-content\/uploads\/Image03-4-150x150.jpg\" class=\"attachment-thumbnail size-thumbnail\" alt=\"\" \/><\/a>\n\t\t\t<\/dt><\/dl><br style=\"clear: both\" \/><dl class='gallery-item'>\n\t\t\t<dt class='gallery-icon landscape'>\n\t\t\t\t<a href='https:\/\/bigycb.cz\/bigy\/wp-content\/uploads\/Image04-4.jpg' rel=\"lightbox[11401]\"><img loading=\"lazy\" decoding=\"async\" width=\"150\" height=\"150\" src=\"https:\/\/bigycb.cz\/bigy\/wp-content\/uploads\/Image04-4-150x150.jpg\" class=\"attachment-thumbnail size-thumbnail\" alt=\"\" \/><\/a>\n\t\t\t<\/dt><\/dl><dl class='gallery-item'>\n\t\t\t<dt class='gallery-icon landscape'>\n\t\t\t\t<a href='https:\/\/bigycb.cz\/bigy\/wp-content\/uploads\/Image05-4.jpg' rel=\"lightbox[11401]\"><img loading=\"lazy\" decoding=\"async\" width=\"150\" height=\"150\" src=\"https:\/\/bigycb.cz\/bigy\/wp-content\/uploads\/Image05-4-150x150.jpg\" class=\"attachment-thumbnail size-thumbnail\" alt=\"\" \/><\/a>\n\t\t\t<\/dt><\/dl><dl class='gallery-item'>\n\t\t\t<dt class='gallery-icon portrait'>\n\t\t\t\t<a href='https:\/\/bigycb.cz\/bigy\/wp-content\/uploads\/Image06-4.jpg' rel=\"lightbox[11401]\"><img loading=\"lazy\" decoding=\"async\" width=\"150\" height=\"150\" src=\"https:\/\/bigycb.cz\/bigy\/wp-content\/uploads\/Image06-4-150x150.jpg\" class=\"attachment-thumbnail size-thumbnail\" alt=\"\" \/><\/a>\n\t\t\t<\/dt><\/dl><dl class='gallery-item'>\n\t\t\t<dt class='gallery-icon portrait'>\n\t\t\t\t<a href='https:\/\/bigycb.cz\/bigy\/wp-content\/uploads\/Image07-3.jpg' rel=\"lightbox[11401]\"><img loading=\"lazy\" decoding=\"async\" width=\"150\" height=\"150\" src=\"https:\/\/bigycb.cz\/bigy\/wp-content\/uploads\/Image07-3-150x150.jpg\" class=\"attachment-thumbnail size-thumbnail\" alt=\"\" \/><\/a>\n\t\t\t<\/dt><\/dl><br style=\"clear: both\" \/>\n\t\t<\/div>\n\n","protected":false},"excerpt":{"rendered":"<p>Erasmus+: M\u011bs\u00ed\u010dn\u00ed pobyt v Castell\u00f3nu V Castell\u00f3nu de la Plana jsem str\u00e1vila \u010dty\u0159i t\u00fddny. Byla jsem ubytovan\u00e1 ve \u010dty\u0159\u010dlenn\u00e9 \u0161pan\u011blsk\u00e9&nbsp;<a href=\"https:\/\/bigycb.cz\/bigy\/erasmus-mesicni-pobyt-v-castellonu\/\">&hellip;<\/a><\/p>\n","protected":false},"author":7,"featured_media":11405,"comment_status":"closed","ping_status":"closed","sticky":false,"template":"","format":"standard","meta":{"footnotes":""},"categories":[30],"tags":[38],"class_list":["post-11401","post","type-post","status-publish","format-standard","has-post-thumbnail","hentry","category-aktuality","tag-erasmus","odd"],"_links":{"self":[{"href":"https:\/\/bigycb.cz\/bigy\/wp-json\/wp\/v2\/posts\/11401","targetHints":{"allow":["GET"]}}],"collection":[{"href":"https:\/\/bigycb.cz\/bigy\/wp-json\/wp\/v2\/posts"}],"about":[{"href":"https:\/\/bigycb.cz\/bigy\/wp-json\/wp\/v2\/types\/post"}],"author":[{"embeddable":true,"href":"https:\/\/bigycb.cz\/bigy\/wp-json\/wp\/v2\/users\/7"}],"replies":[{"embeddable":true,"href":"https:\/\/bigycb.cz\/bigy\/wp-json\/wp\/v2\/comments?post=11401"}],"version-history":[{"count":3,"href":"https:\/\/bigycb.cz\/bigy\/wp-json\/wp\/v2\/posts\/11401\/revisions"}],"predecessor-version":[{"id":11423,"href":"https:\/\/bigycb.cz\/bigy\/wp-json\/wp\/v2\/posts\/11401\/revisions\/11423"}],"wp:featuredmedia":[{"embeddable":true,"href":"https:\/\/bigycb.cz\/bigy\/wp-json\/wp\/v2\/media\/11405"}],"wp:attachment":[{"href":"https:\/\/bigycb.cz\/bigy\/wp-json\/wp\/v2\/media?parent=11401"}],"wp:term":[{"taxonomy":"category","embeddable":true,"href":"https:\/\/bigycb.cz\/bigy\/wp-json\/wp\/v2\/categories?post=11401"},{"taxonomy":"post_tag","embeddable":true,"href":"https:\/\/bigycb.cz\/bigy\/wp-json\/wp\/v2\/tags?post=11401"}],"curies":[{"name":"wp","href":"https:\/\/api.w.org\/{rel}","templated":true}]}}