{"id":11381,"date":"2026-03-26T07:24:06","date_gmt":"2026-03-26T06:24:06","guid":{"rendered":"https:\/\/bigycb.cz\/bigy\/?p=11381"},"modified":"2026-03-26T07:24:12","modified_gmt":"2026-03-26T06:24:12","slug":"matematicky-klokan-2026","status":"publish","type":"post","link":"https:\/\/bigycb.cz\/bigy\/matematicky-klokan-2026\/","title":{"rendered":"Matematick\u00fd klokan 2026"},"content":{"rendered":"<h1>Matematick\u00fd klokan 2026<\/h1>\n<p>V\u00a0p\u00e1tek 20. b\u0159ezna se na\u0161i \u017e\u00e1ci z\u00fa\u010dastnili obl\u00edben\u00e9 matematick\u00e9 sout\u011b\u017ee Matematick\u00fd klokan. Zapojili se v\u00a0kategori\u00edch Benjamin, Kadet a Junior. V\u00a0kategorii<strong> Benjamin (prima a sekunda)<\/strong> se na d\u011blen\u00e9m prvn\u00edm m\u00edst\u011b um\u00edstili Sabina Kohoutov\u00e1 a Radek Lintner, t\u0159et\u00ed skon\u010dil Jakub Hronek.<\/p>\n<p>V kategorii <strong>Kadet (tercie a kvarta)<\/strong> zv\u00edt\u011bzil Arkadii Motornyi, druh\u00fd skon\u010dil Oleksandr Bordunov a t\u0159et\u00ed Sedrik Rampas.<\/p>\n<p>V\u00a0kategorii <strong>Junior<\/strong>, kter\u00e1 je ur\u010dena pro prvn\u00ed a druh\u00fd ro\u010dn\u00edk vy\u0161\u0161\u00edho gymn\u00e1zia, se na prvn\u00edch t\u0159ech m\u00edstech um\u00edstili Miroslav a Vojt\u011bch Schwarzovi a Jaroslava Kazbundov\u00e1. V\u0161em \u0159e\u0161itel\u016fm d\u011bkujeme za \u00fa\u010dast a v\u00edt\u011bz\u016fm gratulujeme ke kr\u00e1sn\u00e9mu v\u00fdsledku.<\/p>\n<p><em>Mgr. Marie Br\u00e1zdov\u00e1<\/em><\/p>\n<hr \/>\n\n\t\t<style type=\"text\/css\">\n\t\t\t#gallery-1 {\n\t\t\t\tmargin: auto;\n\t\t\t}\n\t\t\t#gallery-1 .gallery-item {\n\t\t\t\tfloat: left;\n\t\t\t\tmargin-top: 10px;\n\t\t\t\ttext-align: center;\n\t\t\t\twidth: 25%;\n\t\t\t}\n\t\t\t#gallery-1 img {\n\t\t\t\tborder: 2px solid #cfcfcf;\n\t\t\t}\n\t\t\t#gallery-1 .gallery-caption {\n\t\t\t\tmargin-left: 0;\n\t\t\t}\n\t\t\t\/* see gallery_shortcode() in wp-includes\/media.php *\/\n\t\t<\/style>\n\t\t<div id='gallery-1' class='gallery galleryid-11381 gallery-columns-4 gallery-size-thumbnail'><dl class='gallery-item'>\n\t\t\t<dt class='gallery-icon portrait'>\n\t\t\t\t<a href='https:\/\/bigycb.cz\/bigy\/wp-content\/uploads\/Klokan-3-rotated.jpg' rel=\"lightbox[11381]\"><img loading=\"lazy\" decoding=\"async\" width=\"150\" height=\"150\" src=\"https:\/\/bigycb.cz\/bigy\/wp-content\/uploads\/Klokan-3-rotated-150x150.jpg\" class=\"attachment-thumbnail size-thumbnail\" alt=\"\" \/><\/a>\n\t\t\t<\/dt><\/dl><dl class='gallery-item'>\n\t\t\t<dt class='gallery-icon portrait'>\n\t\t\t\t<a href='https:\/\/bigycb.cz\/bigy\/wp-content\/uploads\/Klokan-4-rotated.jpg' rel=\"lightbox[11381]\"><img loading=\"lazy\" decoding=\"async\" width=\"150\" height=\"150\" src=\"https:\/\/bigycb.cz\/bigy\/wp-content\/uploads\/Klokan-4-rotated-150x150.jpg\" class=\"attachment-thumbnail size-thumbnail\" alt=\"\" \/><\/a>\n\t\t\t<\/dt><\/dl><dl class='gallery-item'>\n\t\t\t<dt class='gallery-icon portrait'>\n\t\t\t\t<a href='https:\/\/bigycb.cz\/bigy\/wp-content\/uploads\/Klokan-1.jpg' rel=\"lightbox[11381]\"><img loading=\"lazy\" decoding=\"async\" width=\"150\" height=\"150\" src=\"https:\/\/bigycb.cz\/bigy\/wp-content\/uploads\/Klokan-1-150x150.jpg\" class=\"attachment-thumbnail size-thumbnail\" alt=\"\" \/><\/a>\n\t\t\t<\/dt><\/dl><dl class='gallery-item'>\n\t\t\t<dt class='gallery-icon portrait'>\n\t\t\t\t<a href='https:\/\/bigycb.cz\/bigy\/wp-content\/uploads\/Klokan-2.jpg' rel=\"lightbox[11381]\"><img loading=\"lazy\" decoding=\"async\" width=\"150\" height=\"150\" src=\"https:\/\/bigycb.cz\/bigy\/wp-content\/uploads\/Klokan-2-150x150.jpg\" class=\"attachment-thumbnail size-thumbnail\" alt=\"\" \/><\/a>\n\t\t\t<\/dt><\/dl><br style=\"clear: both\" \/>\n\t\t<\/div>\n\n","protected":false},"excerpt":{"rendered":"<p>Matematick\u00fd klokan 2026 V\u00a0p\u00e1tek 20. b\u0159ezna se na\u0161i \u017e\u00e1ci z\u00fa\u010dastnili obl\u00edben\u00e9 matematick\u00e9 sout\u011b\u017ee Matematick\u00fd klokan. Zapojili se v\u00a0kategori\u00edch Benjamin, Kadet&nbsp;<a href=\"https:\/\/bigycb.cz\/bigy\/matematicky-klokan-2026\/\">&hellip;<\/a><\/p>\n","protected":false},"author":7,"featured_media":11384,"comment_status":"closed","ping_status":"closed","sticky":false,"template":"","format":"standard","meta":{"footnotes":""},"categories":[30],"tags":[49],"class_list":["post-11381","post","type-post","status-publish","format-standard","has-post-thumbnail","hentry","category-aktuality","tag-matematika","odd"],"_links":{"self":[{"href":"https:\/\/bigycb.cz\/bigy\/wp-json\/wp\/v2\/posts\/11381","targetHints":{"allow":["GET"]}}],"collection":[{"href":"https:\/\/bigycb.cz\/bigy\/wp-json\/wp\/v2\/posts"}],"about":[{"href":"https:\/\/bigycb.cz\/bigy\/wp-json\/wp\/v2\/types\/post"}],"author":[{"embeddable":true,"href":"https:\/\/bigycb.cz\/bigy\/wp-json\/wp\/v2\/users\/7"}],"replies":[{"embeddable":true,"href":"https:\/\/bigycb.cz\/bigy\/wp-json\/wp\/v2\/comments?post=11381"}],"version-history":[{"count":2,"href":"https:\/\/bigycb.cz\/bigy\/wp-json\/wp\/v2\/posts\/11381\/revisions"}],"predecessor-version":[{"id":11387,"href":"https:\/\/bigycb.cz\/bigy\/wp-json\/wp\/v2\/posts\/11381\/revisions\/11387"}],"wp:featuredmedia":[{"embeddable":true,"href":"https:\/\/bigycb.cz\/bigy\/wp-json\/wp\/v2\/media\/11384"}],"wp:attachment":[{"href":"https:\/\/bigycb.cz\/bigy\/wp-json\/wp\/v2\/media?parent=11381"}],"wp:term":[{"taxonomy":"category","embeddable":true,"href":"https:\/\/bigycb.cz\/bigy\/wp-json\/wp\/v2\/categories?post=11381"},{"taxonomy":"post_tag","embeddable":true,"href":"https:\/\/bigycb.cz\/bigy\/wp-json\/wp\/v2\/tags?post=11381"}],"curies":[{"name":"wp","href":"https:\/\/api.w.org\/{rel}","templated":true}]}}