{"id":11373,"date":"2026-03-25T18:06:59","date_gmt":"2026-03-25T17:06:59","guid":{"rendered":"https:\/\/bigycb.cz\/bigy\/?p=11373"},"modified":"2026-03-25T18:07:31","modified_gmt":"2026-03-25T17:07:31","slug":"krajske-kolo-biologicke-olympiady-2","status":"publish","type":"post","link":"https:\/\/bigycb.cz\/bigy\/krajske-kolo-biologicke-olympiady-2\/","title":{"rendered":"Krajsk\u00e9 kolo Biologick\u00e9 olympi\u00e1dy"},"content":{"rendered":"<h1>Velk\u00fd \u00fasp\u011bch v krajsk\u00e9m kole Biologick\u00e9 olympi\u00e1dy<\/h1>\n<p>V p\u00e1tek 20. 3. 2026 se konalo krajsk\u00e9 kolo Biologick\u00e9 olympi\u00e1dy kategorie A (jedn\u00e1 se o maturitn\u00ed a p\u0159edmaturitn\u00ed ro\u010dn\u00edky). Kl\u00e1n\u00ed se z\u00fa\u010dastnilo 35 student\u016f z gymn\u00e1zi\u00ed a z dal\u0161\u00edch st\u0159edn\u00edch \u0161kol.<strong> Anna Fuitov\u00e1 z 8.A obsadila kr\u00e1sn\u00e9 3. m\u00edsto a poda\u0159ilo se j\u00ed dokonce postoupit do \u00fast\u0159edn\u00edho kola Biologick\u00e9 olympi\u00e1dy.<\/strong> Jedn\u00e1 se opravdu o obrovsk\u00fd \u00fasp\u011bch!!!<\/p>\n<p>Bigy d\u00e1le vzorn\u011b reprezentovali Franti\u0161ek Chalupa 7.A (6. m\u00edsto), Maty\u00e1\u0161 Melkes 5.N (16. m\u00edsto) a Jana Protivov\u00e1 5.N (22. m\u00edsto). V\u0161em sout\u011b\u017e\u00edc\u00edm d\u011bkujeme a Ani\u010dce Fuitov\u00e9 p\u0159ejeme, aby se j\u00ed v celost\u00e1tn\u00edm kole da\u0159ilo!!!<\/p>\n<p><em>PaedDr. Miroslava Nygr\u00fdnov\u00e1<\/em><\/p>\n<hr \/>\n\n\t\t<style type=\"text\/css\">\n\t\t\t#gallery-1 {\n\t\t\t\tmargin: auto;\n\t\t\t}\n\t\t\t#gallery-1 .gallery-item {\n\t\t\t\tfloat: left;\n\t\t\t\tmargin-top: 10px;\n\t\t\t\ttext-align: center;\n\t\t\t\twidth: 100%;\n\t\t\t}\n\t\t\t#gallery-1 img {\n\t\t\t\tborder: 2px solid #cfcfcf;\n\t\t\t}\n\t\t\t#gallery-1 .gallery-caption {\n\t\t\t\tmargin-left: 0;\n\t\t\t}\n\t\t\t\/* see gallery_shortcode() in wp-includes\/media.php *\/\n\t\t<\/style>\n\t\t<div id='gallery-1' class='gallery galleryid-11373 gallery-columns-1 gallery-size-thumbnail'><dl class='gallery-item'>\n\t\t\t<dt class='gallery-icon portrait'>\n\t\t\t\t<a href='https:\/\/bigycb.cz\/bigy\/wp-content\/uploads\/diplom_bio-e1774458386124.jpg' rel=\"lightbox[11373]\"><img loading=\"lazy\" decoding=\"async\" width=\"150\" height=\"150\" src=\"https:\/\/bigycb.cz\/bigy\/wp-content\/uploads\/diplom_bio-150x150.jpg\" class=\"attachment-thumbnail size-thumbnail\" alt=\"\" \/><\/a>\n\t\t\t<\/dt><\/dl><br style=\"clear: both\" \/>\n\t\t<\/div>\n\n","protected":false},"excerpt":{"rendered":"<p>Velk\u00fd \u00fasp\u011bch v krajsk\u00e9m kole Biologick\u00e9 olympi\u00e1dy V p\u00e1tek 20. 3. 2026 se konalo krajsk\u00e9 kolo Biologick\u00e9 olympi\u00e1dy kategorie A&nbsp;<a href=\"https:\/\/bigycb.cz\/bigy\/krajske-kolo-biologicke-olympiady-2\/\">&hellip;<\/a><\/p>\n","protected":false},"author":7,"featured_media":11375,"comment_status":"closed","ping_status":"closed","sticky":false,"template":"","format":"standard","meta":{"footnotes":""},"categories":[30,35],"tags":[39],"class_list":["post-11373","post","type-post","status-publish","format-standard","has-post-thumbnail","hentry","category-aktuality","category-uspechy","tag-biologie","odd"],"_links":{"self":[{"href":"https:\/\/bigycb.cz\/bigy\/wp-json\/wp\/v2\/posts\/11373","targetHints":{"allow":["GET"]}}],"collection":[{"href":"https:\/\/bigycb.cz\/bigy\/wp-json\/wp\/v2\/posts"}],"about":[{"href":"https:\/\/bigycb.cz\/bigy\/wp-json\/wp\/v2\/types\/post"}],"author":[{"embeddable":true,"href":"https:\/\/bigycb.cz\/bigy\/wp-json\/wp\/v2\/users\/7"}],"replies":[{"embeddable":true,"href":"https:\/\/bigycb.cz\/bigy\/wp-json\/wp\/v2\/comments?post=11373"}],"version-history":[{"count":2,"href":"https:\/\/bigycb.cz\/bigy\/wp-json\/wp\/v2\/posts\/11373\/revisions"}],"predecessor-version":[{"id":11377,"href":"https:\/\/bigycb.cz\/bigy\/wp-json\/wp\/v2\/posts\/11373\/revisions\/11377"}],"wp:featuredmedia":[{"embeddable":true,"href":"https:\/\/bigycb.cz\/bigy\/wp-json\/wp\/v2\/media\/11375"}],"wp:attachment":[{"href":"https:\/\/bigycb.cz\/bigy\/wp-json\/wp\/v2\/media?parent=11373"}],"wp:term":[{"taxonomy":"category","embeddable":true,"href":"https:\/\/bigycb.cz\/bigy\/wp-json\/wp\/v2\/categories?post=11373"},{"taxonomy":"post_tag","embeddable":true,"href":"https:\/\/bigycb.cz\/bigy\/wp-json\/wp\/v2\/tags?post=11373"}],"curies":[{"name":"wp","href":"https:\/\/api.w.org\/{rel}","templated":true}]}}