{"id":11335,"date":"2026-03-18T15:48:34","date_gmt":"2026-03-18T14:48:34","guid":{"rendered":"https:\/\/bigycb.cz\/bigy\/?p=11335"},"modified":"2026-03-18T15:48:34","modified_gmt":"2026-03-18T14:48:34","slug":"erasmus-ve-francouzskem-pertuis","status":"publish","type":"post","link":"https:\/\/bigycb.cz\/bigy\/erasmus-ve-francouzskem-pertuis\/","title":{"rendered":"Erasmus+ ve francouzsk\u00e9m Pertuis"},"content":{"rendered":"<h1>Erasmus+ ve francouzsk\u00e9m Pertuis<\/h1>\n<p>V obdob\u00ed mezi 28.2. &#8211; 14.3. jsem m\u011bla skv\u011blou p\u0159\u00edle\u017eitost z\u00fa\u010dastnit se v\u00fdm\u011bnn\u00e9ho pobytu ve francouzsk\u00e9m m\u011bste\u010dku Pertuis. Zde jsem nav\u0161t\u011bvovala m\u00edstn\u00ed gymn\u00e1zium, zapojovala se do v\u00fduky, kde jsem vypozorovala zna\u010dn\u00e9 rozd\u00edly mezi francouzskou a \u010deskou \u0161kolou. Vyzkou\u0161ela jsem si \u010dtrn\u00e1ct dn\u00ed \u017e\u00edt francouzsk\u00fd \u017eivot, kon\u010dit ve \u0161kole v p\u011bt odpoledne, m\u00edt t\u0159\u00ed hodinovou pauzu na ob\u011bd, ve\u010de\u0159et pozd\u011b ve\u010der t\u0159\u00edchodovou ve\u010de\u0159i.<\/p>\n<p>O v\u00edkendech jsme nav\u0161t\u00edvili kr\u00e1sn\u00e9 m\u011bsto Aix en Provence, ochutnali tradi\u010dn\u00ed makronky a mnoho dal\u0161\u00edho. Byli jsme se pod\u00edvat na ko\u0148sk\u00fd parkour, kter\u00fd je na jihu Francie velmi popul\u00e1rn\u00edm. Obohatila jsem si nejen slovn\u00ed z\u00e1sobu, ale i p\u0159ehled o hudb\u011b a um\u011blc\u00edch, kter\u00e9 ve Francii poslouch\u00e1 opravdu ka\u017ed\u00fd. Tento pobyt mi mnoho dal, fungov\u00e1n\u00ed v ciz\u00ed zemi, adaptace jin\u00fdm zvyk\u016fm a jin\u00e9 rutine, ale p\u0159edev\u0161\u00edm mi dal p\u0159\u00e1tele, se kter\u00fdmi jsem a v\u011b\u0159\u00edm, \u017ee i nad\u00e1le z\u016fstanu v kontaktu.<\/p>\n<p><em>Al\u017eb\u011bta Du\u0161kov\u00e1, 5.F<\/em><\/p>\n<blockquote><p>\u201eFinancov\u00e1no Evropskou uni\u00ed. Vyj\u00e1d\u0159en\u00e9 n\u00e1zory a stanoviska p\u0159edstavuj\u00ed n\u00e1zory a stanoviska autor\u016f a nemus\u00ed nutn\u011b odr\u00e1\u017eet n\u00e1zory a stanoviska Evropsk\u00e9 unie nebo Domu zahrani\u010dn\u00ed spolupr\u00e1ce. Evropsk\u00e1 unie ani poskytovatel grantu za n\u011b nenesou odpov\u011bdnost.\u201c<\/p><\/blockquote>\n<hr \/>\n\n\t\t<style type=\"text\/css\">\n\t\t\t#gallery-1 {\n\t\t\t\tmargin: auto;\n\t\t\t}\n\t\t\t#gallery-1 .gallery-item {\n\t\t\t\tfloat: left;\n\t\t\t\tmargin-top: 10px;\n\t\t\t\ttext-align: center;\n\t\t\t\twidth: 25%;\n\t\t\t}\n\t\t\t#gallery-1 img {\n\t\t\t\tborder: 2px solid #cfcfcf;\n\t\t\t}\n\t\t\t#gallery-1 .gallery-caption {\n\t\t\t\tmargin-left: 0;\n\t\t\t}\n\t\t\t\/* see gallery_shortcode() in wp-includes\/media.php *\/\n\t\t<\/style>\n\t\t<div id='gallery-1' class='gallery galleryid-11335 gallery-columns-4 gallery-size-thumbnail'><dl class='gallery-item'>\n\t\t\t<dt class='gallery-icon landscape'>\n\t\t\t\t<a href='https:\/\/bigycb.cz\/bigy\/wp-content\/uploads\/Image07-2.jpg' rel=\"lightbox[11335]\"><img loading=\"lazy\" decoding=\"async\" width=\"150\" height=\"150\" src=\"https:\/\/bigycb.cz\/bigy\/wp-content\/uploads\/Image07-2-150x150.jpg\" class=\"attachment-thumbnail size-thumbnail\" alt=\"\" \/><\/a>\n\t\t\t<\/dt><\/dl><dl class='gallery-item'>\n\t\t\t<dt class='gallery-icon portrait'>\n\t\t\t\t<a href='https:\/\/bigycb.cz\/bigy\/wp-content\/uploads\/Image06-3.jpg' rel=\"lightbox[11335]\"><img loading=\"lazy\" decoding=\"async\" width=\"150\" height=\"150\" src=\"https:\/\/bigycb.cz\/bigy\/wp-content\/uploads\/Image06-3-150x150.jpg\" class=\"attachment-thumbnail size-thumbnail\" alt=\"\" \/><\/a>\n\t\t\t<\/dt><\/dl><dl class='gallery-item'>\n\t\t\t<dt class='gallery-icon portrait'>\n\t\t\t\t<a href='https:\/\/bigycb.cz\/bigy\/wp-content\/uploads\/Image03-3.jpg' rel=\"lightbox[11335]\"><img loading=\"lazy\" decoding=\"async\" width=\"150\" height=\"150\" src=\"https:\/\/bigycb.cz\/bigy\/wp-content\/uploads\/Image03-3-150x150.jpg\" class=\"attachment-thumbnail size-thumbnail\" alt=\"\" \/><\/a>\n\t\t\t<\/dt><\/dl><dl class='gallery-item'>\n\t\t\t<dt class='gallery-icon portrait'>\n\t\t\t\t<a href='https:\/\/bigycb.cz\/bigy\/wp-content\/uploads\/Image01-3.jpg' rel=\"lightbox[11335]\"><img loading=\"lazy\" decoding=\"async\" width=\"150\" height=\"150\" src=\"https:\/\/bigycb.cz\/bigy\/wp-content\/uploads\/Image01-3-150x150.jpg\" class=\"attachment-thumbnail size-thumbnail\" alt=\"\" \/><\/a>\n\t\t\t<\/dt><\/dl><br style=\"clear: both\" \/><dl class='gallery-item'>\n\t\t\t<dt class='gallery-icon portrait'>\n\t\t\t\t<a href='https:\/\/bigycb.cz\/bigy\/wp-content\/uploads\/Image02-3.jpg' rel=\"lightbox[11335]\"><img loading=\"lazy\" decoding=\"async\" width=\"150\" height=\"150\" src=\"https:\/\/bigycb.cz\/bigy\/wp-content\/uploads\/Image02-3-150x150.jpg\" class=\"attachment-thumbnail size-thumbnail\" alt=\"\" \/><\/a>\n\t\t\t<\/dt><\/dl><dl class='gallery-item'>\n\t\t\t<dt class='gallery-icon portrait'>\n\t\t\t\t<a href='https:\/\/bigycb.cz\/bigy\/wp-content\/uploads\/Image04-3.jpg' rel=\"lightbox[11335]\"><img loading=\"lazy\" decoding=\"async\" width=\"150\" height=\"150\" src=\"https:\/\/bigycb.cz\/bigy\/wp-content\/uploads\/Image04-3-150x150.jpg\" class=\"attachment-thumbnail size-thumbnail\" alt=\"\" \/><\/a>\n\t\t\t<\/dt><\/dl><dl class='gallery-item'>\n\t\t\t<dt class='gallery-icon portrait'>\n\t\t\t\t<a href='https:\/\/bigycb.cz\/bigy\/wp-content\/uploads\/Image05-3.jpg' rel=\"lightbox[11335]\"><img loading=\"lazy\" decoding=\"async\" width=\"150\" height=\"150\" src=\"https:\/\/bigycb.cz\/bigy\/wp-content\/uploads\/Image05-3-150x150.jpg\" class=\"attachment-thumbnail size-thumbnail\" alt=\"\" \/><\/a>\n\t\t\t<\/dt><\/dl><dl class='gallery-item'>\n\t\t\t<dt class='gallery-icon portrait'>\n\t\t\t\t<a href='https:\/\/bigycb.cz\/bigy\/wp-content\/uploads\/Image08.jpg' rel=\"lightbox[11335]\"><img loading=\"lazy\" decoding=\"async\" width=\"150\" height=\"150\" src=\"https:\/\/bigycb.cz\/bigy\/wp-content\/uploads\/Image08-150x150.jpg\" class=\"attachment-thumbnail size-thumbnail\" alt=\"\" \/><\/a>\n\t\t\t<\/dt><\/dl><br style=\"clear: both\" \/>\n\t\t<\/div>\n\n","protected":false},"excerpt":{"rendered":"<p>Erasmus+ ve francouzsk\u00e9m Pertuis V obdob\u00ed mezi 28.2. &#8211; 14.3. jsem m\u011bla skv\u011blou p\u0159\u00edle\u017eitost z\u00fa\u010dastnit se v\u00fdm\u011bnn\u00e9ho pobytu ve francouzsk\u00e9m&nbsp;<a href=\"https:\/\/bigycb.cz\/bigy\/erasmus-ve-francouzskem-pertuis\/\">&hellip;<\/a><\/p>\n","protected":false},"author":7,"featured_media":11348,"comment_status":"closed","ping_status":"closed","sticky":false,"template":"","format":"standard","meta":{"footnotes":""},"categories":[30,1],"tags":[38],"class_list":["post-11335","post","type-post","status-publish","format-standard","has-post-thumbnail","hentry","category-aktuality","category-nezarazene","tag-erasmus","odd"],"_links":{"self":[{"href":"https:\/\/bigycb.cz\/bigy\/wp-json\/wp\/v2\/posts\/11335","targetHints":{"allow":["GET"]}}],"collection":[{"href":"https:\/\/bigycb.cz\/bigy\/wp-json\/wp\/v2\/posts"}],"about":[{"href":"https:\/\/bigycb.cz\/bigy\/wp-json\/wp\/v2\/types\/post"}],"author":[{"embeddable":true,"href":"https:\/\/bigycb.cz\/bigy\/wp-json\/wp\/v2\/users\/7"}],"replies":[{"embeddable":true,"href":"https:\/\/bigycb.cz\/bigy\/wp-json\/wp\/v2\/comments?post=11335"}],"version-history":[{"count":2,"href":"https:\/\/bigycb.cz\/bigy\/wp-json\/wp\/v2\/posts\/11335\/revisions"}],"predecessor-version":[{"id":11347,"href":"https:\/\/bigycb.cz\/bigy\/wp-json\/wp\/v2\/posts\/11335\/revisions\/11347"}],"wp:featuredmedia":[{"embeddable":true,"href":"https:\/\/bigycb.cz\/bigy\/wp-json\/wp\/v2\/media\/11348"}],"wp:attachment":[{"href":"https:\/\/bigycb.cz\/bigy\/wp-json\/wp\/v2\/media?parent=11335"}],"wp:term":[{"taxonomy":"category","embeddable":true,"href":"https:\/\/bigycb.cz\/bigy\/wp-json\/wp\/v2\/categories?post=11335"},{"taxonomy":"post_tag","embeddable":true,"href":"https:\/\/bigycb.cz\/bigy\/wp-json\/wp\/v2\/tags?post=11335"}],"curies":[{"name":"wp","href":"https:\/\/api.w.org\/{rel}","templated":true}]}}