{"id":11325,"date":"2026-03-17T10:28:23","date_gmt":"2026-03-17T09:28:23","guid":{"rendered":"https:\/\/bigycb.cz\/bigy\/?p=11325"},"modified":"2026-03-18T09:25:38","modified_gmt":"2026-03-18T08:25:38","slug":"erasmus-stinovani-vyuky-v-las-palmas","status":"publish","type":"post","link":"https:\/\/bigycb.cz\/bigy\/erasmus-stinovani-vyuky-v-las-palmas\/","title":{"rendered":"Erasmus+: St\u00ednov\u00e1n\u00ed v\u00fduky v Las Palmas"},"content":{"rendered":"<h1>Erasmus+: St\u00ednov\u00e1n\u00ed v\u00fduky v Las Palmas<\/h1>\n<p>Leto\u0161n\u00ed jarn\u00ed pr\u00e1zdniny pro n\u00e1s byly v\u00fdjime\u010dn\u00e9. Dostaly jsme mo\u017enost z\u00fa\u010dastnit se v\u00fdm\u011bnn\u00e9ho programu pro u\u010ditele Erasmus+ \u201eJob Shadowing\u201c v Las Palmas Gran Canaria. B\u011bhem t\u00fddenn\u00edho pobytu jsme sledovaly v\u00fduku ve dvou \u0161kol\u00e1ch \u2013 ve st\u0159edn\u00ed \u0161kole IES P\u00e9rez Gald\u00f3s a z\u00e1kladn\u00ed \u0161kole CEIP Giner de los Rios. M\u011bly jsme mo\u017enost b\u00fdt p\u0159\u00edtomny p\u0159i v\u00fduce ve \u0161pan\u011blsk\u00e9m vzd\u011bl\u00e1vac\u00edm syst\u00e9mu a porovnat ho s \u010desk\u00fdm, pozorovat pr\u00e1ci u\u010ditel\u016f s d\u011btmi v multikulturn\u00edm prost\u0159ed\u00ed a sledovat zapojen\u00ed d\u011bt\u00ed se specifick\u00fdmi vzd\u011bl\u00e1vac\u00edmi pot\u0159ebami.<\/p>\n<p>V obou nav\u0161t\u00edven\u00fdch \u0161kol\u00e1ch jsme byly mile p\u0159ijaty. Oce\u0148ovaly jsme p\u0159\u00e1telskou komunikaci mezi u\u010ditelem a d\u011btmi, zapojen\u00ed d\u011bt\u00ed v hodin\u011b, jejich disciplinovanost i uvoln\u011bnost. Na st\u0159edn\u00ed \u0161kole jsme pozorovaly vyu\u017eit\u00ed metody CLIL. Zaujalo n\u00e1s zapojen\u00ed tance do hodin t\u011blesn\u00e9 v\u00fdchovy. Prohl\u00e9dly jsme si divadeln\u00ed s\u00e1l, kde studenti v r\u00e1mci v\u00fduky nacvi\u010duj\u00ed divadeln\u00ed p\u0159edstaven\u00ed. Dozv\u011bd\u011bly jsme se, \u017ee jedn\u00edm z inovativn\u00edch projekt\u016f na st\u0159edn\u00edch \u0161kol\u00e1ch na Gran Canarii je zalo\u017een\u00ed \u0161koln\u00edho r\u00e1dia, vytvo\u0159en\u00ed nahr\u00e1vac\u00edch studi\u00ed ve \u0161kole a nahr\u00e1v\u00e1n\u00ed podcast\u016f samotn\u00fdmi \u017e\u00e1ky. Obdivovaly jsme um\u011bleckou v\u00fdzdobu dve\u0159\u00ed v r\u00e1mci projektu v\u00fdtvarn\u00e9 v\u00fdchovy.<\/p>\n<p>Na z\u00e1kladn\u00ed \u0161kole jsme s mlad\u0161\u00edmi d\u011btmi pro\u017eily dva b\u011b\u017en\u00e9 \u0161koln\u00ed dny jak v u\u010debn\u00e1ch, tak i venku. D\u011bti chod\u00ed celoro\u010dn\u011b ven na h\u0159i\u0161t\u011b o p\u016flhodinov\u00e9 p\u0159est\u00e1vce, kde se nasva\u010d\u00ed, prob\u011bhnou se a zahraj\u00ed si m\u00ed\u010dov\u00e9 hry.<\/p>\n<p>Jedno dopoledne jsme tak\u00e9 str\u00e1vily v CEP Las Palmas (Teacher Training Center), kam mohou p\u0159ij\u00edt u\u010ditel\u00e9 a vyp\u016fj\u010dit si r\u016fzn\u00e9 p\u0159ipraven\u00e9 pom\u016fcky na v\u00fduku nebo se mohou z\u00fa\u010dast\u0148ovat aktu\u00e1ln\u00edch \u0161kolen\u00ed. Tato organizace tak\u00e9 pom\u00e1h\u00e1 st\u0159edn\u00edm \u0161kol\u00e1m s vy\u0161kolen\u00edm u\u010ditel\u016f v r\u00e1mci projektu \u0161koln\u00edch r\u00e1di\u00ed, p\u0159\u00edpadn\u011b jim i zap\u016fj\u010duje technick\u00e9 za\u0159\u00edzen\u00ed.<\/p>\n<p>Jsme r\u00e1dy, \u017ee jsme se rozhodly z\u00fa\u010dastnit programu Erasmus+. Nav\u0161t\u00edvily jsme vybran\u00e9 \u0161koly, bl\u00ed\u017ee jsme se sezn\u00e1mily s koordin\u00e1tory projektu i s u\u010diteli. Nav\u0161t\u00edvily jsme turistick\u00e1 m\u00edsta v Las Palmas a ochutnaly m\u00edstn\u00ed speciality. Nov\u011b nabyt\u00e9 zku\u0161enosti a z\u00e1\u017eitky bychom cht\u011bly vyu\u017e\u00edt jako inspiraci do na\u0161ich vlastn\u00edch t\u0159\u00edd. Douf\u00e1me, \u017ee nav\u00e1zan\u00e1 spolupr\u00e1ce se st\u0159edn\u00ed \u0161kolou IES P\u00e9rez Gald\u00f3s bude pokra\u010dovat i v n\u00e1sleduj\u00edc\u00edch letech v\u00fdm\u011bnn\u00fdmi pobyty \u017e\u00e1k\u016f a u\u010ditel\u016f jak na Bigy v \u010cesk\u00fdch Bud\u011bjovic\u00edch, tak v Las Palmas.<\/p>\n<p><em>Mgr. \u0160\u00e1rka Kub\u00ednov\u00e1 a Mgr. Lenka Mack\u016f, u\u010ditelky CZ\u0160 Rudolfovsk\u00e1<\/em><\/p>\n<blockquote><p>\u201eFinancov\u00e1no Evropskou uni\u00ed. Vyj\u00e1d\u0159en\u00e9 n\u00e1zory a stanoviska p\u0159edstavuj\u00ed n\u00e1zory a stanoviska autor\u016f a nemus\u00ed nutn\u011b odr\u00e1\u017eet n\u00e1zory a stanoviska Evropsk\u00e9 unie nebo Domu zahrani\u010dn\u00ed spolupr\u00e1ce. Evropsk\u00e1 unie ani poskytovatel grantu za n\u011b nenesou odpov\u011bdnost.\u201c<\/p><\/blockquote>\n<hr \/>\n\n\t\t<style type=\"text\/css\">\n\t\t\t#gallery-1 {\n\t\t\t\tmargin: auto;\n\t\t\t}\n\t\t\t#gallery-1 .gallery-item {\n\t\t\t\tfloat: left;\n\t\t\t\tmargin-top: 10px;\n\t\t\t\ttext-align: center;\n\t\t\t\twidth: 25%;\n\t\t\t}\n\t\t\t#gallery-1 img {\n\t\t\t\tborder: 2px solid #cfcfcf;\n\t\t\t}\n\t\t\t#gallery-1 .gallery-caption {\n\t\t\t\tmargin-left: 0;\n\t\t\t}\n\t\t\t\/* see gallery_shortcode() in wp-includes\/media.php *\/\n\t\t<\/style>\n\t\t<div id='gallery-1' class='gallery galleryid-11325 gallery-columns-4 gallery-size-thumbnail'><dl class='gallery-item'>\n\t\t\t<dt class='gallery-icon landscape'>\n\t\t\t\t<a href='https:\/\/bigycb.cz\/bigy\/wp-content\/uploads\/Image07-1.jpg' rel=\"lightbox[11325]\"><img loading=\"lazy\" decoding=\"async\" width=\"150\" height=\"150\" src=\"https:\/\/bigycb.cz\/bigy\/wp-content\/uploads\/Image07-1-150x150.jpg\" class=\"attachment-thumbnail size-thumbnail\" alt=\"\" \/><\/a>\n\t\t\t<\/dt><\/dl><dl class='gallery-item'>\n\t\t\t<dt class='gallery-icon portrait'>\n\t\t\t\t<a href='https:\/\/bigycb.cz\/bigy\/wp-content\/uploads\/Image03-2.jpg' rel=\"lightbox[11325]\"><img loading=\"lazy\" decoding=\"async\" width=\"150\" height=\"150\" src=\"https:\/\/bigycb.cz\/bigy\/wp-content\/uploads\/Image03-2-150x150.jpg\" class=\"attachment-thumbnail size-thumbnail\" alt=\"\" \/><\/a>\n\t\t\t<\/dt><\/dl><dl class='gallery-item'>\n\t\t\t<dt class='gallery-icon portrait'>\n\t\t\t\t<a href='https:\/\/bigycb.cz\/bigy\/wp-content\/uploads\/Image01-2.jpg' rel=\"lightbox[11325]\"><img loading=\"lazy\" decoding=\"async\" width=\"150\" height=\"150\" src=\"https:\/\/bigycb.cz\/bigy\/wp-content\/uploads\/Image01-2-150x150.jpg\" class=\"attachment-thumbnail size-thumbnail\" alt=\"\" \/><\/a>\n\t\t\t<\/dt><\/dl><dl class='gallery-item'>\n\t\t\t<dt class='gallery-icon landscape'>\n\t\t\t\t<a href='https:\/\/bigycb.cz\/bigy\/wp-content\/uploads\/Image02-2.jpg' rel=\"lightbox[11325]\"><img loading=\"lazy\" decoding=\"async\" width=\"150\" height=\"150\" src=\"https:\/\/bigycb.cz\/bigy\/wp-content\/uploads\/Image02-2-150x150.jpg\" class=\"attachment-thumbnail size-thumbnail\" alt=\"\" \/><\/a>\n\t\t\t<\/dt><\/dl><br style=\"clear: both\" \/><dl class='gallery-item'>\n\t\t\t<dt class='gallery-icon portrait'>\n\t\t\t\t<a href='https:\/\/bigycb.cz\/bigy\/wp-content\/uploads\/Image04-2.jpg' rel=\"lightbox[11325]\"><img loading=\"lazy\" decoding=\"async\" width=\"150\" height=\"150\" src=\"https:\/\/bigycb.cz\/bigy\/wp-content\/uploads\/Image04-2-150x150.jpg\" class=\"attachment-thumbnail size-thumbnail\" alt=\"\" \/><\/a>\n\t\t\t<\/dt><\/dl><dl class='gallery-item'>\n\t\t\t<dt class='gallery-icon landscape'>\n\t\t\t\t<a href='https:\/\/bigycb.cz\/bigy\/wp-content\/uploads\/Image05-2.jpg' rel=\"lightbox[11325]\"><img loading=\"lazy\" decoding=\"async\" width=\"150\" height=\"150\" src=\"https:\/\/bigycb.cz\/bigy\/wp-content\/uploads\/Image05-2-150x150.jpg\" class=\"attachment-thumbnail size-thumbnail\" alt=\"\" \/><\/a>\n\t\t\t<\/dt><\/dl><dl class='gallery-item'>\n\t\t\t<dt class='gallery-icon portrait'>\n\t\t\t\t<a href='https:\/\/bigycb.cz\/bigy\/wp-content\/uploads\/Image06-2.jpg' rel=\"lightbox[11325]\"><img loading=\"lazy\" decoding=\"async\" width=\"150\" height=\"150\" src=\"https:\/\/bigycb.cz\/bigy\/wp-content\/uploads\/Image06-2-150x150.jpg\" class=\"attachment-thumbnail size-thumbnail\" alt=\"\" \/><\/a>\n\t\t\t<\/dt><\/dl>\n\t\t\t<br style='clear: both' \/>\n\t\t<\/div>\n\n","protected":false},"excerpt":{"rendered":"<p>Erasmus+: St\u00ednov\u00e1n\u00ed v\u00fduky v Las Palmas Leto\u0161n\u00ed jarn\u00ed pr\u00e1zdniny pro n\u00e1s byly v\u00fdjime\u010dn\u00e9. Dostaly jsme mo\u017enost z\u00fa\u010dastnit se v\u00fdm\u011bnn\u00e9ho programu&nbsp;<a href=\"https:\/\/bigycb.cz\/bigy\/erasmus-stinovani-vyuky-v-las-palmas\/\">&hellip;<\/a><\/p>\n","protected":false},"author":7,"featured_media":11337,"comment_status":"closed","ping_status":"closed","sticky":false,"template":"","format":"standard","meta":{"footnotes":""},"categories":[30],"tags":[38],"class_list":["post-11325","post","type-post","status-publish","format-standard","has-post-thumbnail","hentry","category-aktuality","tag-erasmus","odd"],"_links":{"self":[{"href":"https:\/\/bigycb.cz\/bigy\/wp-json\/wp\/v2\/posts\/11325","targetHints":{"allow":["GET"]}}],"collection":[{"href":"https:\/\/bigycb.cz\/bigy\/wp-json\/wp\/v2\/posts"}],"about":[{"href":"https:\/\/bigycb.cz\/bigy\/wp-json\/wp\/v2\/types\/post"}],"author":[{"embeddable":true,"href":"https:\/\/bigycb.cz\/bigy\/wp-json\/wp\/v2\/users\/7"}],"replies":[{"embeddable":true,"href":"https:\/\/bigycb.cz\/bigy\/wp-json\/wp\/v2\/comments?post=11325"}],"version-history":[{"count":3,"href":"https:\/\/bigycb.cz\/bigy\/wp-json\/wp\/v2\/posts\/11325\/revisions"}],"predecessor-version":[{"id":11338,"href":"https:\/\/bigycb.cz\/bigy\/wp-json\/wp\/v2\/posts\/11325\/revisions\/11338"}],"wp:featuredmedia":[{"embeddable":true,"href":"https:\/\/bigycb.cz\/bigy\/wp-json\/wp\/v2\/media\/11337"}],"wp:attachment":[{"href":"https:\/\/bigycb.cz\/bigy\/wp-json\/wp\/v2\/media?parent=11325"}],"wp:term":[{"taxonomy":"category","embeddable":true,"href":"https:\/\/bigycb.cz\/bigy\/wp-json\/wp\/v2\/categories?post=11325"},{"taxonomy":"post_tag","embeddable":true,"href":"https:\/\/bigycb.cz\/bigy\/wp-json\/wp\/v2\/tags?post=11325"}],"curies":[{"name":"wp","href":"https:\/\/api.w.org\/{rel}","templated":true}]}}