{"id":11190,"date":"2026-03-04T07:00:17","date_gmt":"2026-03-04T06:00:17","guid":{"rendered":"https:\/\/bigycb.cz\/bigy\/?p=11190"},"modified":"2026-03-04T07:07:23","modified_gmt":"2026-03-04T06:07:23","slug":"erasmus-ve-spanelskem-meste-jaca","status":"publish","type":"post","link":"https:\/\/bigycb.cz\/bigy\/erasmus-ve-spanelskem-meste-jaca\/","title":{"rendered":"Erasmus+ ve \u0161pan\u011blsk\u00e9m m\u011bst\u011b Jaca"},"content":{"rendered":"<h1>Erasmus+ ve \u0161pan\u011blsk\u00e9m m\u011bst\u011b Jaca<\/h1>\n<p>V obdob\u00ed mezi 8. 2. a 20. 2. jsem m\u011bl tu mo\u017enost z\u00fa\u010dastnit se v\u00fdm\u011bnn\u00e9ho pobytu v malebn\u00e9m m\u011bste\u010dku Jaca ve \u0160pan\u011blsku. Po celou dobu pobytu jsem se aktivn\u011b \u00fa\u010dastnil v\u00fduky a poznal na vlastn\u00ed k\u016f\u017ei, jak vypad\u00e1 studentsk\u00fd \u017eivot v men\u0161\u00edm \u0161pan\u011blsk\u00e9m m\u011bst\u011b. Pozn\u00e1val jsem novou kulturu, zvyky, tradice a p\u0159edev\u0161\u00edm nov\u00e9 lidi, kte\u0159\u00ed ji\u017e nav\u017edy z\u016fstanou m\u00fdmi p\u0159\u00e1teli.<\/p>\n<p>Za\u017eil jsem \u0161irokou \u0161k\u00e1lu aktivit \u2013 od n\u00e1v\u0161t\u011bvy star\u00fdch kl\u00e1\u0161ter\u016f a objevov\u00e1n\u00ed kr\u00e1s Pyrenej\u00ed a\u017e po ly\u017eov\u00e1n\u00ed \u010di tradi\u010dn\u00ed fiestu v podob\u011b karnevalu. Ochutnal jsem mnoho m\u00edstn\u00edch pokrm\u016f a za celou tuto zku\u0161enost jsem nesm\u00edrn\u011b vd\u011b\u010dn\u00fd. Pobyt mi p\u0159inesl opravdu mnoho: zlep\u0161il jsem si jazykov\u00e9 dovednosti ve \u0161pan\u011bl\u0161tin\u011b i angli\u010dtin\u011b, a hlavn\u011b jsem potkal spoustu skv\u011bl\u00fdch osobnost\u00ed, kter\u00e9 mi pomohly v m\u00e9m dal\u0161\u00edm rozvoji.<\/p>\n<p>V\u0161em, kte\u0159\u00ed v\u00e1haj\u00ed, zda se z\u00fa\u010dastnit podobn\u00e9ho pobytu, bych cht\u011bl vzk\u00e1zat, \u017ee lep\u0161\u00ed zku\u0161enost by hledali jen st\u011b\u017e\u00ed. Mno\u017estv\u00ed poznatk\u016f a z\u00e1\u017eitk\u016f, kter\u00e9 si \u010dlov\u011bk odveze, je nespo\u010detn\u00e9 a j\u00e1 osobn\u011b jsem se vr\u00e1til velmi obohacen.<\/p>\n<p>Cht\u011bl bych tak\u00e9 vyj\u00e1d\u0159it velk\u00e9 pod\u011bkov\u00e1n\u00ed panu Marku Jandri\u0107ovi, kter\u00fd celou akci organizoval a skv\u011ble m\u011b provedl jej\u00edm pr\u016fb\u011bhem. Na tento z\u00e1\u017eitek nikdy nezapomenu.<\/p>\n<p><em>Martin Kl\u00edma, 6.A<\/em><\/p>\n<blockquote><p><em>\u201eFinancov\u00e1no Evropskou uni\u00ed. Vyj\u00e1d\u0159en\u00e9 n\u00e1zory a stanoviska p\u0159edstavuj\u00ed n\u00e1zory a stanoviska autor\u016f a nemus\u00ed nutn\u011b odr\u00e1\u017eet n\u00e1zory a stanoviska Evropsk\u00e9 unie nebo Domu zahrani\u010dn\u00ed spolupr\u00e1ce. Evropsk\u00e1 unie ani poskytovatel grantu za n\u011b nenesou odpov\u011bdnost.\u201c<\/em><\/p><\/blockquote>\n<hr \/>\n\n\t\t<style type=\"text\/css\">\n\t\t\t#gallery-1 {\n\t\t\t\tmargin: auto;\n\t\t\t}\n\t\t\t#gallery-1 .gallery-item {\n\t\t\t\tfloat: left;\n\t\t\t\tmargin-top: 10px;\n\t\t\t\ttext-align: center;\n\t\t\t\twidth: 33%;\n\t\t\t}\n\t\t\t#gallery-1 img {\n\t\t\t\tborder: 2px solid #cfcfcf;\n\t\t\t}\n\t\t\t#gallery-1 .gallery-caption {\n\t\t\t\tmargin-left: 0;\n\t\t\t}\n\t\t\t\/* see gallery_shortcode() in wp-includes\/media.php *\/\n\t\t<\/style>\n\t\t<div id='gallery-1' class='gallery galleryid-11190 gallery-columns-3 gallery-size-thumbnail'><dl class='gallery-item'>\n\t\t\t<dt class='gallery-icon landscape'>\n\t\t\t\t<a href='https:\/\/bigycb.cz\/bigy\/wp-content\/uploads\/Image03-1.jpg' rel=\"lightbox[11190]\"><img loading=\"lazy\" decoding=\"async\" width=\"150\" height=\"150\" src=\"https:\/\/bigycb.cz\/bigy\/wp-content\/uploads\/Image03-1-150x150.jpg\" class=\"attachment-thumbnail size-thumbnail\" alt=\"\" \/><\/a>\n\t\t\t<\/dt><\/dl><dl class='gallery-item'>\n\t\t\t<dt class='gallery-icon portrait'>\n\t\t\t\t<a href='https:\/\/bigycb.cz\/bigy\/wp-content\/uploads\/Image01-1.jpg' rel=\"lightbox[11190]\"><img loading=\"lazy\" decoding=\"async\" width=\"150\" height=\"150\" src=\"https:\/\/bigycb.cz\/bigy\/wp-content\/uploads\/Image01-1-150x150.jpg\" class=\"attachment-thumbnail size-thumbnail\" alt=\"\" \/><\/a>\n\t\t\t<\/dt><\/dl><dl class='gallery-item'>\n\t\t\t<dt class='gallery-icon portrait'>\n\t\t\t\t<a href='https:\/\/bigycb.cz\/bigy\/wp-content\/uploads\/Image06-1.jpg' rel=\"lightbox[11190]\"><img loading=\"lazy\" decoding=\"async\" width=\"150\" height=\"150\" src=\"https:\/\/bigycb.cz\/bigy\/wp-content\/uploads\/Image06-1-150x150.jpg\" class=\"attachment-thumbnail size-thumbnail\" alt=\"\" \/><\/a>\n\t\t\t<\/dt><\/dl><br style=\"clear: both\" \/><dl class='gallery-item'>\n\t\t\t<dt class='gallery-icon portrait'>\n\t\t\t\t<a href='https:\/\/bigycb.cz\/bigy\/wp-content\/uploads\/Image02-1.jpg' rel=\"lightbox[11190]\"><img loading=\"lazy\" decoding=\"async\" width=\"150\" height=\"150\" src=\"https:\/\/bigycb.cz\/bigy\/wp-content\/uploads\/Image02-1-150x150.jpg\" class=\"attachment-thumbnail size-thumbnail\" alt=\"\" \/><\/a>\n\t\t\t<\/dt><\/dl><dl class='gallery-item'>\n\t\t\t<dt class='gallery-icon portrait'>\n\t\t\t\t<a href='https:\/\/bigycb.cz\/bigy\/wp-content\/uploads\/Image05-1.jpg' rel=\"lightbox[11190]\"><img loading=\"lazy\" decoding=\"async\" width=\"150\" height=\"150\" src=\"https:\/\/bigycb.cz\/bigy\/wp-content\/uploads\/Image05-1-150x150.jpg\" class=\"attachment-thumbnail size-thumbnail\" alt=\"\" \/><\/a>\n\t\t\t<\/dt><\/dl><dl class='gallery-item'>\n\t\t\t<dt class='gallery-icon portrait'>\n\t\t\t\t<a href='https:\/\/bigycb.cz\/bigy\/wp-content\/uploads\/Image04-1.jpg' rel=\"lightbox[11190]\"><img loading=\"lazy\" decoding=\"async\" width=\"150\" height=\"150\" src=\"https:\/\/bigycb.cz\/bigy\/wp-content\/uploads\/Image04-1-150x150.jpg\" class=\"attachment-thumbnail size-thumbnail\" alt=\"\" \/><\/a>\n\t\t\t<\/dt><\/dl><br style=\"clear: both\" \/><dl class='gallery-item'>\n\t\t\t<dt class='gallery-icon landscape'>\n\t\t\t\t<a href='https:\/\/bigycb.cz\/bigy\/wp-content\/uploads\/Image07.jpg' rel=\"lightbox[11190]\"><img loading=\"lazy\" decoding=\"async\" width=\"150\" height=\"150\" src=\"https:\/\/bigycb.cz\/bigy\/wp-content\/uploads\/Image07-150x150.jpg\" class=\"attachment-thumbnail size-thumbnail\" alt=\"\" \/><\/a>\n\t\t\t<\/dt><\/dl>\n\t\t\t<br style='clear: both' \/>\n\t\t<\/div>\n\n","protected":false},"excerpt":{"rendered":"<p>Erasmus+ ve \u0161pan\u011blsk\u00e9m m\u011bst\u011b Jaca V obdob\u00ed mezi 8. 2. a 20. 2. jsem m\u011bl tu mo\u017enost z\u00fa\u010dastnit se v\u00fdm\u011bnn\u00e9ho&nbsp;<a href=\"https:\/\/bigycb.cz\/bigy\/erasmus-ve-spanelskem-meste-jaca\/\">&hellip;<\/a><\/p>\n","protected":false},"author":7,"featured_media":11234,"comment_status":"closed","ping_status":"closed","sticky":false,"template":"","format":"standard","meta":{"footnotes":""},"categories":[30],"tags":[38],"class_list":["post-11190","post","type-post","status-publish","format-standard","has-post-thumbnail","hentry","category-aktuality","tag-erasmus","odd"],"_links":{"self":[{"href":"https:\/\/bigycb.cz\/bigy\/wp-json\/wp\/v2\/posts\/11190","targetHints":{"allow":["GET"]}}],"collection":[{"href":"https:\/\/bigycb.cz\/bigy\/wp-json\/wp\/v2\/posts"}],"about":[{"href":"https:\/\/bigycb.cz\/bigy\/wp-json\/wp\/v2\/types\/post"}],"author":[{"embeddable":true,"href":"https:\/\/bigycb.cz\/bigy\/wp-json\/wp\/v2\/users\/7"}],"replies":[{"embeddable":true,"href":"https:\/\/bigycb.cz\/bigy\/wp-json\/wp\/v2\/comments?post=11190"}],"version-history":[{"count":3,"href":"https:\/\/bigycb.cz\/bigy\/wp-json\/wp\/v2\/posts\/11190\/revisions"}],"predecessor-version":[{"id":11239,"href":"https:\/\/bigycb.cz\/bigy\/wp-json\/wp\/v2\/posts\/11190\/revisions\/11239"}],"wp:featuredmedia":[{"embeddable":true,"href":"https:\/\/bigycb.cz\/bigy\/wp-json\/wp\/v2\/media\/11234"}],"wp:attachment":[{"href":"https:\/\/bigycb.cz\/bigy\/wp-json\/wp\/v2\/media?parent=11190"}],"wp:term":[{"taxonomy":"category","embeddable":true,"href":"https:\/\/bigycb.cz\/bigy\/wp-json\/wp\/v2\/categories?post=11190"},{"taxonomy":"post_tag","embeddable":true,"href":"https:\/\/bigycb.cz\/bigy\/wp-json\/wp\/v2\/tags?post=11190"}],"curies":[{"name":"wp","href":"https:\/\/api.w.org\/{rel}","templated":true}]}}