{"id":10356,"date":"2025-10-10T10:00:26","date_gmt":"2025-10-10T08:00:26","guid":{"rendered":"https:\/\/bigycb.cz\/bigy\/?p=10356"},"modified":"2025-10-13T13:45:08","modified_gmt":"2025-10-13T11:45:08","slug":"20-let-uspesne-spoluprace-s-partnerskym-gymnaziem-herz-jesu-salzburg","status":"publish","type":"post","link":"https:\/\/bigycb.cz\/bigy\/20-let-uspesne-spoluprace-s-partnerskym-gymnaziem-herz-jesu-salzburg\/","title":{"rendered":"20 let \u00fasp\u011b\u0161n\u00e9 spolupr\u00e1ce s partnersk\u00fdm gymn\u00e1ziem Herz Jesu Salzburg"},"content":{"rendered":"<h1>20 let \u00fasp\u011b\u0161n\u00e9 spolupr\u00e1ce s partnersk\u00fdm gymn\u00e1ziem Herz Jesu Salzburg<\/h1>\n<p style=\"font-weight: 400;\">Ve dnech 26. -27. z\u00e1\u0159\u00ed n\u00e1s nav\u0161t\u00edvila po\u010detn\u00e1 skupina u\u010ditel\u016f z partnersk\u00e9ho gymn\u00e1zia Herz Jesu Salzburg. D\u016fvodem byla skute\u010dnost, \u017ee si letos p\u0159ipom\u00edn\u00e1me dvacet let na\u0161\u00ed spolupr\u00e1ce. Ta spo\u010d\u00edv\u00e1 hlavn\u011b v mo\u017enosti studia na salzburgsk\u00e9m gymn\u00e1ziu pro na\u0161e \u017e\u00e1ky. Sou\u010d\u00e1st\u00ed aktivit jsou i n\u00e1v\u0161t\u011bvy intern\u00e1tn\u00edch \u017e\u00e1k\u016f z Rakouska, spole\u010dn\u00e9 v\u00fdlety nebo skupinov\u00e9 pobyty na gymn\u00e1ziu v r\u00e1mci programu Erasmus +. Za dvacet let na\u0161ich vz\u00e1jemn\u00fdch kontakt\u016f tak str\u00e1vilo na partnersk\u00e9m gymn\u00e1ziu alespo\u0148 jeden rok v\u00edce ne\u017e pades\u00e1t \u017e\u00e1k\u016f. N\u011bkte\u0159\u00ed z nich se rozhodli pokra\u010dovat ve studiu na tam\u011bj\u0161\u00edm gymn\u00e1ziu, slo\u017eit tam maturitu a nastoupit na vysokou \u0161kolu v Rakousku. Jeden n\u00e1\u0161 b\u00fdval\u00fd \u017e\u00e1k dokonce nyn\u00ed na gymn\u00e1ziu Herz Jesu vyu\u010duje!<\/p>\n<p style=\"font-weight: 400;\">V\u011b\u0159\u00edme, \u017ee na\u0161e spolupr\u00e1ce se bude prohlubovat a \u017ee tato zku\u0161enost pom\u016f\u017ee na\u0161im \u017e\u00e1k\u016fm ke zlep\u0161en\u00ed pot\u0159ebn\u00fdch jazykov\u00fdch znalost\u00ed.<\/p>\n<hr \/>\n<p style=\"font-weight: 400;\"><img loading=\"lazy\" decoding=\"async\" class=\"aligncenter size-large wp-image-10357\" src=\"https:\/\/bigycb.cz\/bigy\/wp-content\/uploads\/IMG-20250927-WA0006-766x1024.jpg\" alt=\"\" width=\"766\" height=\"1024\" \/><\/p>\n","protected":false},"excerpt":{"rendered":"<p>20 let \u00fasp\u011b\u0161n\u00e9 spolupr\u00e1ce s partnersk\u00fdm gymn\u00e1ziem Herz Jesu Salzburg Ve dnech 26. -27. z\u00e1\u0159\u00ed n\u00e1s nav\u0161t\u00edvila po\u010detn\u00e1 skupina u\u010ditel\u016f&nbsp;<a href=\"https:\/\/bigycb.cz\/bigy\/20-let-uspesne-spoluprace-s-partnerskym-gymnaziem-herz-jesu-salzburg\/\">&hellip;<\/a><\/p>\n","protected":false},"author":6,"featured_media":10358,"comment_status":"closed","ping_status":"closed","sticky":false,"template":"","format":"standard","meta":{"footnotes":""},"categories":[30],"tags":[],"class_list":["post-10356","post","type-post","status-publish","format-standard","has-post-thumbnail","hentry","category-aktuality","odd"],"_links":{"self":[{"href":"https:\/\/bigycb.cz\/bigy\/wp-json\/wp\/v2\/posts\/10356","targetHints":{"allow":["GET"]}}],"collection":[{"href":"https:\/\/bigycb.cz\/bigy\/wp-json\/wp\/v2\/posts"}],"about":[{"href":"https:\/\/bigycb.cz\/bigy\/wp-json\/wp\/v2\/types\/post"}],"author":[{"embeddable":true,"href":"https:\/\/bigycb.cz\/bigy\/wp-json\/wp\/v2\/users\/6"}],"replies":[{"embeddable":true,"href":"https:\/\/bigycb.cz\/bigy\/wp-json\/wp\/v2\/comments?post=10356"}],"version-history":[{"count":1,"href":"https:\/\/bigycb.cz\/bigy\/wp-json\/wp\/v2\/posts\/10356\/revisions"}],"predecessor-version":[{"id":10359,"href":"https:\/\/bigycb.cz\/bigy\/wp-json\/wp\/v2\/posts\/10356\/revisions\/10359"}],"wp:featuredmedia":[{"embeddable":true,"href":"https:\/\/bigycb.cz\/bigy\/wp-json\/wp\/v2\/media\/10358"}],"wp:attachment":[{"href":"https:\/\/bigycb.cz\/bigy\/wp-json\/wp\/v2\/media?parent=10356"}],"wp:term":[{"taxonomy":"category","embeddable":true,"href":"https:\/\/bigycb.cz\/bigy\/wp-json\/wp\/v2\/categories?post=10356"},{"taxonomy":"post_tag","embeddable":true,"href":"https:\/\/bigycb.cz\/bigy\/wp-json\/wp\/v2\/tags?post=10356"}],"curies":[{"name":"wp","href":"https:\/\/api.w.org\/{rel}","templated":true}]}}